{"id":19907,"date":"2024-10-11T15:01:43","date_gmt":"2024-10-11T19:01:43","guid":{"rendered":"https:\/\/www.clvgroup.com\/orchards-walk-recompense-dans-le-cadre-des-2024-best-of-kamloops-awards\/"},"modified":"2026-01-13T12:36:21","modified_gmt":"2026-01-13T16:36:21","slug":"orchards-walk-recompense-dans-le-cadre-des-2024-best-of-kamloops-awards","status":"publish","type":"post","link":"https:\/\/www.clvgroup.com\/fr\/articles\/orchards-walk-recompense-dans-le-cadre-des-2024-best-of-kamloops-awards\/","title":{"rendered":"Orchards Walk r\u00e9compens\u00e9 dans le cadre des 2024 Best of Kamloops Awards"},"content":{"rendered":"\n<p>Les prix 2024 Best of Kamloops ont \u00e9t\u00e9 d\u00e9cern\u00e9s, et nous avons l&rsquo;honneur d&rsquo;annoncer que la communaut\u00e9 Orchards Walk a \u00e9t\u00e9 reconnue dans deux cat\u00e9gories de la division Real Estate and Development. Chaque prix c\u00e9l\u00e8bre l&rsquo;excellence et l&rsquo;innovation dans le domaine de l&rsquo;immobilier, en r\u00e9compensant les meilleurs projets qui transforment le paysage urbain et fa\u00e7onnent l&rsquo;avenir de Kamloops.<\/p>\n\n<p>Orchards Walk, un projet \u00e0 usage mixte comprenant une vari\u00e9t\u00e9 de maisons individuelles, d&rsquo;appartements locatifs, de r\u00e9sidences pour personnes \u00e2g\u00e9es, de magasins de d\u00e9tail et d&rsquo;autres espaces d&rsquo;agr\u00e9ment, a re\u00e7u des prix dans les cat\u00e9gories suivantes :<\/p>\n\n<p>Le meilleur d\u00e9veloppement \u00e0 Kamloops &#8211; Silver<br\/><a href=\"https:\/\/lnkd.in\/eTMTQUZt\" target=\"_blank\" rel=\"noreferrer noopener\">(https:\/\/lnkd.in\/eTMTQUZt<\/a>)<\/p>\n\n<p>Le meilleur b\u00e2timent de Kamloops &#8211; Bronze<br\/><a href=\"https:\/\/lnkd.in\/eHq8kku8\" target=\"_blank\" rel=\"noreferrer noopener\">(https:\/\/lnkd.in\/eHq8kku8<\/a>)<\/p>\n\n<p>Nous remercions tous les membres de l&rsquo;\u00e9quipe d&rsquo;Orchards Walk qui continuent \u00e0 livrer des maisons et des espaces commerciaux exceptionnels \u00e0 la communaut\u00e9 dynamique et en pleine croissance de Kamloops. En savoir plus sur Orchards Walk via <a href=\"https:\/\/orchardswalk.com\/\" target=\"_blank\" rel=\"noreferrer noopener\">https:\/\/orchardswalk.com\/<\/a><\/p>\n","protected":false},"excerpt":{"rendered":"<p>Les prix 2024 Best of Kamloops ont \u00e9t\u00e9 d\u00e9cern\u00e9s, et nous avons l&rsquo;honneur d&rsquo;annoncer que la communaut\u00e9 Orchards Walk a \u00e9t\u00e9 reconnue dans deux cat\u00e9gories de la division Real Estate and Development. Chaque prix c\u00e9l\u00e8bre l&rsquo;excellence et l&rsquo;innovation dans le domaine de l&rsquo;immobilier, en r\u00e9compensant les meilleurs projets qui transforment le paysage urbain et fa\u00e7onnent [&hellip;]<\/p>\n","protected":false},"author":10,"featured_media":19908,"comment_status":"closed","ping_status":"closed","sticky":false,"template":"","format":"standard","meta":{"_acf_changed":false,"inline_featured_image":false,"footnotes":""},"categories":[218],"tags":[],"class_list":["post-19907","post","type-post","status-publish","format-standard","has-post-thumbnail","hentry","category-actualites"],"acf":[],"yoast_head":"<!-- This site is optimized with the Yoast SEO plugin v25.4 - https:\/\/yoast.com\/wordpress\/plugins\/seo\/ -->\n<title>Orchards Walk r\u00e9compens\u00e9 dans le cadre des 2024 Best of Kamloops Awards - CLV Group<\/title>\n<meta name=\"description\" content=\"Orchards Walk est reconnu dans le cadre des 2024 Best of Kamloops Awards pour son cadre de vie exceptionnel et son impact sur la communaut\u00e9.\" \/>\n<meta name=\"robots\" content=\"index, follow, max-snippet:-1, max-image-preview:large, max-video-preview:-1\" \/>\n<link rel=\"canonical\" href=\"https:\/\/www.clvgroup.com\/fr\/articles\/orchards-walk-recompense-dans-le-cadre-des-2024-best-of-kamloops-awards\/\" \/>\n<meta property=\"og:locale\" content=\"fr_FR\" \/>\n<meta property=\"og:type\" content=\"article\" \/>\n<meta property=\"og:title\" content=\"Orchards Walk r\u00e9compens\u00e9 dans le cadre des 2024 Best of Kamloops Awards - CLV Group\" \/>\n<meta property=\"og:description\" content=\"Orchards Walk est reconnu dans le cadre des 2024 Best of Kamloops Awards pour son cadre de vie exceptionnel et son impact sur la communaut\u00e9.\" \/>\n<meta property=\"og:url\" content=\"https:\/\/www.clvgroup.com\/fr\/articles\/orchards-walk-recompense-dans-le-cadre-des-2024-best-of-kamloops-awards\/\" \/>\n<meta property=\"og:site_name\" content=\"CLV Group\" \/>\n<meta property=\"article:published_time\" content=\"2024-10-11T19:01:43+00:00\" \/>\n<meta property=\"article:modified_time\" content=\"2026-01-13T16:36:21+00:00\" \/>\n<meta property=\"og:image\" content=\"https:\/\/www.clvgroup.com\/wp-content\/uploads\/1728675590730_Screenshot_2024-10-11_153932.jpg\" \/>\n\t<meta property=\"og:image:width\" content=\"1403\" \/>\n\t<meta property=\"og:image:height\" content=\"915\" \/>\n\t<meta property=\"og:image:type\" content=\"image\/png\" \/>\n<meta name=\"author\" content=\"admin\" \/>\n<meta name=\"twitter:card\" content=\"summary_large_image\" \/>\n<meta name=\"twitter:label1\" content=\"\u00c9crit par\" \/>\n\t<meta name=\"twitter:data1\" content=\"admin\" \/>\n\t<meta name=\"twitter:label2\" content=\"Dur\u00e9e de lecture estim\u00e9e\" \/>\n\t<meta name=\"twitter:data2\" content=\"1 minute\" \/>\n<script type=\"application\/ld+json\" class=\"yoast-schema-graph\">{\"@context\":\"https:\/\/schema.org\",\"@graph\":[{\"@type\":\"WebPage\",\"@id\":\"https:\/\/www.clvgroup.com\/fr\/articles\/orchards-walk-recompense-dans-le-cadre-des-2024-best-of-kamloops-awards\/\",\"url\":\"https:\/\/www.clvgroup.com\/fr\/articles\/orchards-walk-recompense-dans-le-cadre-des-2024-best-of-kamloops-awards\/\",\"name\":\"Orchards Walk r\u00e9compens\u00e9 dans le cadre des 2024 Best of Kamloops Awards - CLV Group\",\"isPartOf\":{\"@id\":\"https:\/\/www.clvgroup.com\/fr\/#website\"},\"primaryImageOfPage\":{\"@id\":\"https:\/\/www.clvgroup.com\/fr\/articles\/orchards-walk-recompense-dans-le-cadre-des-2024-best-of-kamloops-awards\/#primaryimage\"},\"image\":{\"@id\":\"https:\/\/www.clvgroup.com\/fr\/articles\/orchards-walk-recompense-dans-le-cadre-des-2024-best-of-kamloops-awards\/#primaryimage\"},\"thumbnailUrl\":\"https:\/\/www.clvgroup.com\/wp-content\/uploads\/1728675590730_Screenshot_2024-10-11_153932.jpg\",\"datePublished\":\"2024-10-11T19:01:43+00:00\",\"dateModified\":\"2026-01-13T16:36:21+00:00\",\"author\":{\"@id\":\"https:\/\/www.clvgroup.com\/fr\/#\/schema\/person\/7ea7e11d0a2583664b887a0cfb611097\"},\"description\":\"Orchards Walk est reconnu dans le cadre des 2024 Best of Kamloops Awards pour son cadre de vie exceptionnel et son impact sur la communaut\u00e9.\",\"breadcrumb\":{\"@id\":\"https:\/\/www.clvgroup.com\/fr\/articles\/orchards-walk-recompense-dans-le-cadre-des-2024-best-of-kamloops-awards\/#breadcrumb\"},\"inLanguage\":\"fr-FR\",\"potentialAction\":[{\"@type\":\"ReadAction\",\"target\":[\"https:\/\/www.clvgroup.com\/fr\/articles\/orchards-walk-recompense-dans-le-cadre-des-2024-best-of-kamloops-awards\/\"]}]},{\"@type\":\"ImageObject\",\"inLanguage\":\"fr-FR\",\"@id\":\"https:\/\/www.clvgroup.com\/fr\/articles\/orchards-walk-recompense-dans-le-cadre-des-2024-best-of-kamloops-awards\/#primaryimage\",\"url\":\"https:\/\/www.clvgroup.com\/wp-content\/uploads\/1728675590730_Screenshot_2024-10-11_153932.jpg\",\"contentUrl\":\"https:\/\/www.clvgroup.com\/wp-content\/uploads\/1728675590730_Screenshot_2024-10-11_153932.jpg\",\"width\":1403,\"height\":915},{\"@type\":\"BreadcrumbList\",\"@id\":\"https:\/\/www.clvgroup.com\/fr\/articles\/orchards-walk-recompense-dans-le-cadre-des-2024-best-of-kamloops-awards\/#breadcrumb\",\"itemListElement\":[{\"@type\":\"ListItem\",\"position\":1,\"name\":\"Home\",\"item\":\"https:\/\/www.clvgroup.com\/fr\/\"},{\"@type\":\"ListItem\",\"position\":2,\"name\":\"Orchards Walk r\u00e9compens\u00e9 dans le cadre des 2024 Best of Kamloops Awards\"}]},{\"@type\":\"WebSite\",\"@id\":\"https:\/\/www.clvgroup.com\/fr\/#website\",\"url\":\"https:\/\/www.clvgroup.com\/fr\/\",\"name\":\"CLV Group\",\"description\":\"\",\"potentialAction\":[{\"@type\":\"SearchAction\",\"target\":{\"@type\":\"EntryPoint\",\"urlTemplate\":\"https:\/\/www.clvgroup.com\/fr\/?s={search_term_string}\"},\"query-input\":{\"@type\":\"PropertyValueSpecification\",\"valueRequired\":true,\"valueName\":\"search_term_string\"}}],\"inLanguage\":\"fr-FR\"},{\"@type\":\"Person\",\"@id\":\"https:\/\/www.clvgroup.com\/fr\/#\/schema\/person\/7ea7e11d0a2583664b887a0cfb611097\",\"name\":\"admin\",\"sameAs\":[\"https:\/\/www.clvgroup.com\"]}]}<\/script>\n<!-- \/ Yoast SEO plugin. -->","yoast_head_json":{"title":"Orchards Walk r\u00e9compens\u00e9 dans le cadre des 2024 Best of Kamloops Awards - CLV Group","description":"Orchards Walk est reconnu dans le cadre des 2024 Best of Kamloops Awards pour son cadre de vie exceptionnel et son impact sur la communaut\u00e9.","robots":{"index":"index","follow":"follow","max-snippet":"max-snippet:-1","max-image-preview":"max-image-preview:large","max-video-preview":"max-video-preview:-1"},"canonical":"https:\/\/www.clvgroup.com\/fr\/articles\/orchards-walk-recompense-dans-le-cadre-des-2024-best-of-kamloops-awards\/","og_locale":"fr_FR","og_type":"article","og_title":"Orchards Walk r\u00e9compens\u00e9 dans le cadre des 2024 Best of Kamloops Awards - CLV Group","og_description":"Orchards Walk est reconnu dans le cadre des 2024 Best of Kamloops Awards pour son cadre de vie exceptionnel et son impact sur la communaut\u00e9.","og_url":"https:\/\/www.clvgroup.com\/fr\/articles\/orchards-walk-recompense-dans-le-cadre-des-2024-best-of-kamloops-awards\/","og_site_name":"CLV Group","article_published_time":"2024-10-11T19:01:43+00:00","article_modified_time":"2026-01-13T16:36:21+00:00","og_image":[{"width":1403,"height":915,"url":"https:\/\/www.clvgroup.com\/wp-content\/uploads\/1728675590730_Screenshot_2024-10-11_153932.jpg","type":"image\/png"}],"author":"admin","twitter_card":"summary_large_image","twitter_misc":{"\u00c9crit par":"admin","Dur\u00e9e de lecture estim\u00e9e":"1 minute"},"schema":{"@context":"https:\/\/schema.org","@graph":[{"@type":"WebPage","@id":"https:\/\/www.clvgroup.com\/fr\/articles\/orchards-walk-recompense-dans-le-cadre-des-2024-best-of-kamloops-awards\/","url":"https:\/\/www.clvgroup.com\/fr\/articles\/orchards-walk-recompense-dans-le-cadre-des-2024-best-of-kamloops-awards\/","name":"Orchards Walk r\u00e9compens\u00e9 dans le cadre des 2024 Best of Kamloops Awards - CLV Group","isPartOf":{"@id":"https:\/\/www.clvgroup.com\/fr\/#website"},"primaryImageOfPage":{"@id":"https:\/\/www.clvgroup.com\/fr\/articles\/orchards-walk-recompense-dans-le-cadre-des-2024-best-of-kamloops-awards\/#primaryimage"},"image":{"@id":"https:\/\/www.clvgroup.com\/fr\/articles\/orchards-walk-recompense-dans-le-cadre-des-2024-best-of-kamloops-awards\/#primaryimage"},"thumbnailUrl":"https:\/\/www.clvgroup.com\/wp-content\/uploads\/1728675590730_Screenshot_2024-10-11_153932.jpg","datePublished":"2024-10-11T19:01:43+00:00","dateModified":"2026-01-13T16:36:21+00:00","author":{"@id":"https:\/\/www.clvgroup.com\/fr\/#\/schema\/person\/7ea7e11d0a2583664b887a0cfb611097"},"description":"Orchards Walk est reconnu dans le cadre des 2024 Best of Kamloops Awards pour son cadre de vie exceptionnel et son impact sur la communaut\u00e9.","breadcrumb":{"@id":"https:\/\/www.clvgroup.com\/fr\/articles\/orchards-walk-recompense-dans-le-cadre-des-2024-best-of-kamloops-awards\/#breadcrumb"},"inLanguage":"fr-FR","potentialAction":[{"@type":"ReadAction","target":["https:\/\/www.clvgroup.com\/fr\/articles\/orchards-walk-recompense-dans-le-cadre-des-2024-best-of-kamloops-awards\/"]}]},{"@type":"ImageObject","inLanguage":"fr-FR","@id":"https:\/\/www.clvgroup.com\/fr\/articles\/orchards-walk-recompense-dans-le-cadre-des-2024-best-of-kamloops-awards\/#primaryimage","url":"https:\/\/www.clvgroup.com\/wp-content\/uploads\/1728675590730_Screenshot_2024-10-11_153932.jpg","contentUrl":"https:\/\/www.clvgroup.com\/wp-content\/uploads\/1728675590730_Screenshot_2024-10-11_153932.jpg","width":1403,"height":915},{"@type":"BreadcrumbList","@id":"https:\/\/www.clvgroup.com\/fr\/articles\/orchards-walk-recompense-dans-le-cadre-des-2024-best-of-kamloops-awards\/#breadcrumb","itemListElement":[{"@type":"ListItem","position":1,"name":"Home","item":"https:\/\/www.clvgroup.com\/fr\/"},{"@type":"ListItem","position":2,"name":"Orchards Walk r\u00e9compens\u00e9 dans le cadre des 2024 Best of Kamloops Awards"}]},{"@type":"WebSite","@id":"https:\/\/www.clvgroup.com\/fr\/#website","url":"https:\/\/www.clvgroup.com\/fr\/","name":"CLV Group","description":"","potentialAction":[{"@type":"SearchAction","target":{"@type":"EntryPoint","urlTemplate":"https:\/\/www.clvgroup.com\/fr\/?s={search_term_string}"},"query-input":{"@type":"PropertyValueSpecification","valueRequired":true,"valueName":"search_term_string"}}],"inLanguage":"fr-FR"},{"@type":"Person","@id":"https:\/\/www.clvgroup.com\/fr\/#\/schema\/person\/7ea7e11d0a2583664b887a0cfb611097","name":"admin","sameAs":["https:\/\/www.clvgroup.com"]}]}},"_links":{"self":[{"href":"https:\/\/www.clvgroup.com\/fr\/wp-json\/wp\/v2\/posts\/19907","targetHints":{"allow":["GET"]}}],"collection":[{"href":"https:\/\/www.clvgroup.com\/fr\/wp-json\/wp\/v2\/posts"}],"about":[{"href":"https:\/\/www.clvgroup.com\/fr\/wp-json\/wp\/v2\/types\/post"}],"author":[{"embeddable":true,"href":"https:\/\/www.clvgroup.com\/fr\/wp-json\/wp\/v2\/users\/10"}],"replies":[{"embeddable":true,"href":"https:\/\/www.clvgroup.com\/fr\/wp-json\/wp\/v2\/comments?post=19907"}],"version-history":[{"count":4,"href":"https:\/\/www.clvgroup.com\/fr\/wp-json\/wp\/v2\/posts\/19907\/revisions"}],"predecessor-version":[{"id":24749,"href":"https:\/\/www.clvgroup.com\/fr\/wp-json\/wp\/v2\/posts\/19907\/revisions\/24749"}],"wp:featuredmedia":[{"embeddable":true,"href":"https:\/\/www.clvgroup.com\/fr\/wp-json\/wp\/v2\/media\/19908"}],"wp:attachment":[{"href":"https:\/\/www.clvgroup.com\/fr\/wp-json\/wp\/v2\/media?parent=19907"}],"wp:term":[{"taxonomy":"category","embeddable":true,"href":"https:\/\/www.clvgroup.com\/fr\/wp-json\/wp\/v2\/categories?post=19907"},{"taxonomy":"post_tag","embeddable":true,"href":"https:\/\/www.clvgroup.com\/fr\/wp-json\/wp\/v2\/tags?post=19907"}],"curies":[{"name":"wp","href":"https:\/\/api.w.org\/{rel}","templated":true}]}}