{"id":20079,"date":"2025-01-31T10:18:00","date_gmt":"2025-01-31T14:18:00","guid":{"rendered":"https:\/\/www.clvgroup.com\/comment-le-360-laurier-incarne-la-vision-du-developpement-durable-de-clv\/"},"modified":"2025-05-21T15:13:12","modified_gmt":"2025-05-21T19:13:12","slug":"comment-le-360-laurier-incarne-la-vision-du-developpement-durable-de-clv","status":"publish","type":"post","link":"https:\/\/www.clvgroup.com\/fr\/articles\/comment-le-360-laurier-incarne-la-vision-du-developpement-durable-de-clv\/","title":{"rendered":"Comment le 360 Laurier incarne la vision du d\u00e9veloppement durable de CLV"},"content":{"rendered":"\n<p class=\"has-text-align-left\">Au c\u0153ur du centre-ville d&rsquo;Ottawa, le <a href=\"https:\/\/www.clvdevelopments.com\/project\/360-laurier-ave-w\/\" target=\"_blank\" rel=\"noreferrer noopener\">360 Laurier<\/a> red\u00e9finit la vie urbaine en alliant durabilit\u00e9, commodit\u00e9 et design moderne. Ce projet cr\u00e9atif, qui est la plus r\u00e9cente conversion de bureaux en immeubles r\u00e9sidentiels du Groupe CLV, incarne une approche avant-gardiste du d\u00e9veloppement, qui donne la priorit\u00e9 \u00e0 la pr\u00e9servation de l&rsquo;environnement, \u00e0 la croissance \u00e9conomique et \u00e0 la proximit\u00e9 des commodit\u00e9s. Ce projet souligne l&rsquo;engagement de CLV Group \u00e0 construire un avenir plus fort et mieux connect\u00e9 pour la communaut\u00e9 d&rsquo;Ottawa.  <\/p>\n\n<h2 class=\"wp-block-heading\">Conversion de bureaux en logements<\/h2>\n\n<p>Les projets de conversion sont intrins\u00e8quement durables, puisque vous convertissez un b\u00e2timent existant au lieu de le d\u00e9molir et de repartir \u00e0 z\u00e9ro. La r\u00e9utilisation d&rsquo;immeubles de bureaux sous-utilis\u00e9s ou vacants permet d \u00ab \u00e9viter le gaspillage de <strong>milliers de tonnes de b\u00e9ton<\/strong>. De plus, les conversions permettent d \u00bb \u00e9conomiser plus de 50 % des \u00e9missions de carbone n\u00e9cessaires \u00e0 un projet de construction \u00e0 partir de z\u00e9ro.    <\/p>\n\n<h2 class=\"wp-block-heading\"><strong>D\u00e9veloppement \u00e9conomique<\/strong><\/h2>\n\n<p>En plus d&rsquo;\u00eatre un projet de d\u00e9veloppement durable, le 360 Laurier vise \u00e0 r\u00e9pondre aux besoins actuels des locataires et de la ville. Le Groupe CLV dispose de professionnels exp\u00e9riment\u00e9s capables d&rsquo;identifier les immeubles sous-utilis\u00e9s dans des emplacements recherch\u00e9s. La cote du transport en commun et la proximit\u00e9 des commodit\u00e9s rendent certains endroits plus attrayants pour le d\u00e9veloppement de propri\u00e9t\u00e9s r\u00e9sidentielles.    <\/p>\n\n<h2 class=\"wp-block-heading\"><strong>Proximit\u00e9 du m\u00e9tro l\u00e9ger<\/strong><\/h2>\n\n<p>Un autre aspect important du projet 360 Laurier est que la station de TLR Parlement n&rsquo;est qu&rsquo;\u00e0 trois p\u00e2t\u00e9s et demi de maisons. Gr\u00e2ce \u00e0 l&rsquo;expansion r\u00e9cente et \u00e0 l&rsquo;ajout du TLR, les futurs r\u00e9sidents du 360 Laurier b\u00e9n\u00e9ficieront d&rsquo;un acc\u00e8s facile \u00e0 toutes les parties de la ville. La cr\u00e9ation d&rsquo;un plus grand nombre de logements \u00e0 proximit\u00e9 du TLR est \u00e9galement b\u00e9n\u00e9fique, car elle peut contribuer \u00e0 augmenter le nombre d&rsquo;usagers, am\u00e9liorant ainsi le retour sur investissement de la ville en mati\u00e8re de transport en commun. Actuellement, le TLR permet de se rendre du c\u0153ur de la ville \u00e0 la banlieue et \u00e0 l&rsquo;a\u00e9roport, ce qui r\u00e9duit la n\u00e9cessit\u00e9 d&rsquo;utiliser un v\u00e9hicule personnel et t\u00e9moigne de la vision du Groupe CLV en mati\u00e8re de d\u00e9veloppement durable.     <\/p>\n\n<h2 class=\"wp-block-heading\"><strong>Pistes cyclables populaires<\/strong><\/h2>\n\n<p>Le 360 Laurier se trouve \u00e9galement \u00e0 proximit\u00e9 de nombreuses pistes cyclables pour les cyclistes passionn\u00e9s. Situ\u00e9 sur les <a href=\"https:\/\/ottawa.ca\/en\/parking-roads-and-travel\/road-safety\/cyclists\/cycling-facilities\/history-ottawas-first-segregated-bike-lane#section-7e637a1e-7313-4669-96cf-4039a08fd914\" target=\"_blank\" rel=\"noreferrer noopener\">pistes cyclables de l&rsquo;avenue Laurier<\/a>, l&rsquo;immeuble offre aux cyclistes des centaines de kilom\u00e8tres de pistes cyclables dans toute la ville. \u00c9tant donn\u00e9 que la piste cyclable Laurier existe depuis plus d&rsquo;une d\u00e9cennie, elle demeure un choix populaire pour les cyclistes et le fait de construire davantage de logements \u00e0 proximit\u00e9 encourage les r\u00e9sidents \u00e0 utiliser les pistes cyclables ou d&rsquo;autres modes de transport durables.    <\/p>\n\n<h2 class=\"wp-block-heading\"><strong>Le c\u0153ur du centre-ville<\/strong><\/h2>\n\n<p>Enfin, le 360 Laurier est situ\u00e9 au c\u0153ur du centre-ville, \u00e0 proximit\u00e9 de nombreux magasins, restaurants et lieux de divertissement. La cr\u00e9ation d&rsquo;appartements suppl\u00e9mentaires au c\u0153ur du centre-ville augmente le trafic pi\u00e9tonnier dans le secteur \u00e0 toute heure de la journ\u00e9e, soutenant ainsi les entreprises et les attractions locales. <\/p>\n\n<h2 class=\"wp-block-heading\">Pratiques de <strong>construction durable<\/strong> <\/h2>\n\n<p>Le groupe CLV est fier d&rsquo;int\u00e9grer des pratiques durables dans ses projets, qu&rsquo;il s&rsquo;agisse de nouvelles constructions ou de r\u00e9novations. Voici quelques-unes de ces pratiques : <\/p>\n\n<ul class=\"wp-block-list\">\n<li>Installation de stations de recharge pour voitures<\/li>\n\n\n\n<li>Passer \u00e0 des appareils respectueux de l&rsquo;environnement<\/li>\n\n\n\n<li>Installation de lampes solaires<\/li>\n\n\n\n<li>R\u00e9utilisation de la chaleur perdue gr\u00e2ce \u00e0 un processus appel\u00e9 micro-cog\u00e9n\u00e9ration<\/li>\n<\/ul>\n\n<p>Notre \u00e9quipe est passionn\u00e9e par l&rsquo;int\u00e9gration d&rsquo;\u00e9l\u00e9ments durables dans la mesure du possible, y compris des technologies \u00e9conomes en \u00e9nergie telles que les ampoules \u00e0 minuterie ou les thermostats intelligents dans les bureaux et les r\u00e9sidences.<\/p>\n\n<h2 class=\"wp-block-heading\"><strong>Une approche tourn\u00e9e vers l&rsquo;avenir<\/strong><\/h2>\n\n<p>Le 360 Laurier est plus qu&rsquo;une simple conversion r\u00e9sidentielle. Il t\u00e9moigne de l&rsquo;engagement du Groupe CLV \u00e0 l&rsquo;\u00e9gard du d\u00e9veloppement durable, de la conception novatrice et de la vie communautaire. En r\u00e9utilisant l&rsquo;infrastructure existante et en int\u00e9grant des initiatives \u00e9cologiques, ce projet r\u00e9duit l&rsquo;impact sur l&rsquo;environnement tout en am\u00e9liorant la qualit\u00e9 de vie de ses r\u00e9sidents. Gr\u00e2ce \u00e0 son emplacement de choix au centre-ville, \u00e0 la proximit\u00e9 des transports en commun et des pistes cyclables, et \u00e0 ses caract\u00e9ristiques \u00e9cologiques, le 360 Laurier \u00e9tablit une nouvelle norme en mati\u00e8re de vie urbaine \u00e0 Ottawa.   <\/p>\n","protected":false},"excerpt":{"rendered":"<p>Au c\u0153ur du centre-ville d&rsquo;Ottawa, le 360 Laurier red\u00e9finit la vie urbaine en alliant durabilit\u00e9, commodit\u00e9 et design moderne. Ce projet cr\u00e9atif, qui est la plus r\u00e9cente conversion de bureaux en immeubles r\u00e9sidentiels du Groupe CLV, incarne une approche avant-gardiste du d\u00e9veloppement, qui donne la priorit\u00e9 \u00e0 la pr\u00e9servation de l&rsquo;environnement, \u00e0 la croissance \u00e9conomique [&hellip;]<\/p>\n","protected":false},"author":3,"featured_media":20081,"comment_status":"closed","ping_status":"closed","sticky":false,"template":"","format":"standard","meta":{"_acf_changed":false,"inline_featured_image":false,"footnotes":""},"categories":[220],"tags":[222,223],"class_list":["post-20079","post","type-post","status-publish","format-standard","has-post-thumbnail","hentry","category-developpement","tag-developpement-durable","tag-transformation-de-bureaux"],"acf":[],"yoast_head":"<!-- This site is optimized with the Yoast SEO plugin v25.4 - https:\/\/yoast.com\/wordpress\/plugins\/seo\/ -->\n<title>Comment le 360 Laurier incarne la vision du d\u00e9veloppement durable de CLV - CLV Group<\/title>\n<meta name=\"description\" content=\"Vous souhaitez en savoir plus sur le dernier projet novateur du Groupe CLV, le 360 Laurier. Apprenez-en davantage sur la fa\u00e7on dont nous mettons l&#039;accent sur la durabilit\u00e9 pendant le d\u00e9veloppement.\" \/>\n<meta name=\"robots\" content=\"index, follow, max-snippet:-1, max-image-preview:large, max-video-preview:-1\" \/>\n<link rel=\"canonical\" href=\"https:\/\/www.clvgroup.com\/fr\/articles\/comment-le-360-laurier-incarne-la-vision-du-developpement-durable-de-clv\/\" \/>\n<meta property=\"og:locale\" content=\"fr_FR\" \/>\n<meta property=\"og:type\" content=\"article\" \/>\n<meta property=\"og:title\" content=\"Comment le 360 Laurier incarne la vision du d\u00e9veloppement durable de CLV - CLV Group\" \/>\n<meta property=\"og:description\" content=\"Vous souhaitez en savoir plus sur le dernier projet novateur du Groupe CLV, le 360 Laurier. Apprenez-en davantage sur la fa\u00e7on dont nous mettons l&#039;accent sur la durabilit\u00e9 pendant le d\u00e9veloppement.\" \/>\n<meta property=\"og:url\" content=\"https:\/\/www.clvgroup.com\/fr\/articles\/comment-le-360-laurier-incarne-la-vision-du-developpement-durable-de-clv\/\" \/>\n<meta property=\"og:site_name\" content=\"CLV Group\" \/>\n<meta property=\"article:published_time\" content=\"2025-01-31T14:18:00+00:00\" \/>\n<meta property=\"article:modified_time\" content=\"2025-05-21T19:13:12+00:00\" \/>\n<meta property=\"og:image\" content=\"https:\/\/www.clvgroup.com\/wp-content\/uploads\/1743772560946_CLV_Group_January_2025-1-scaled.jpg\" \/>\n\t<meta property=\"og:image:width\" content=\"2560\" \/>\n\t<meta property=\"og:image:height\" content=\"1441\" \/>\n\t<meta property=\"og:image:type\" content=\"image\/jpeg\" \/>\n<meta name=\"author\" content=\"marketing\" \/>\n<meta name=\"twitter:card\" content=\"summary_large_image\" \/>\n<meta name=\"twitter:label1\" content=\"\u00c9crit par\" \/>\n\t<meta name=\"twitter:data1\" content=\"marketing\" \/>\n\t<meta name=\"twitter:label2\" content=\"Dur\u00e9e de lecture estim\u00e9e\" \/>\n\t<meta name=\"twitter:data2\" content=\"4 minutes\" \/>\n<script type=\"application\/ld+json\" class=\"yoast-schema-graph\">{\"@context\":\"https:\/\/schema.org\",\"@graph\":[{\"@type\":\"WebPage\",\"@id\":\"https:\/\/www.clvgroup.com\/fr\/articles\/comment-le-360-laurier-incarne-la-vision-du-developpement-durable-de-clv\/\",\"url\":\"https:\/\/www.clvgroup.com\/fr\/articles\/comment-le-360-laurier-incarne-la-vision-du-developpement-durable-de-clv\/\",\"name\":\"Comment le 360 Laurier incarne la vision du d\u00e9veloppement durable de CLV - CLV Group\",\"isPartOf\":{\"@id\":\"https:\/\/www.clvgroup.com\/fr\/#website\"},\"primaryImageOfPage\":{\"@id\":\"https:\/\/www.clvgroup.com\/fr\/articles\/comment-le-360-laurier-incarne-la-vision-du-developpement-durable-de-clv\/#primaryimage\"},\"image\":{\"@id\":\"https:\/\/www.clvgroup.com\/fr\/articles\/comment-le-360-laurier-incarne-la-vision-du-developpement-durable-de-clv\/#primaryimage\"},\"thumbnailUrl\":\"https:\/\/www.clvgroup.com\/wp-content\/uploads\/1743772560946_CLV_Group_January_2025-1-scaled.jpg\",\"datePublished\":\"2025-01-31T14:18:00+00:00\",\"dateModified\":\"2025-05-21T19:13:12+00:00\",\"author\":{\"@id\":\"https:\/\/www.clvgroup.com\/fr\/#\/schema\/person\/f2819996d8c2499a5530e6b58a090874\"},\"description\":\"Vous souhaitez en savoir plus sur le dernier projet novateur du Groupe CLV, le 360 Laurier. Apprenez-en davantage sur la fa\u00e7on dont nous mettons l'accent sur la durabilit\u00e9 pendant le d\u00e9veloppement.\",\"breadcrumb\":{\"@id\":\"https:\/\/www.clvgroup.com\/fr\/articles\/comment-le-360-laurier-incarne-la-vision-du-developpement-durable-de-clv\/#breadcrumb\"},\"inLanguage\":\"fr-FR\",\"potentialAction\":[{\"@type\":\"ReadAction\",\"target\":[\"https:\/\/www.clvgroup.com\/fr\/articles\/comment-le-360-laurier-incarne-la-vision-du-developpement-durable-de-clv\/\"]}]},{\"@type\":\"ImageObject\",\"inLanguage\":\"fr-FR\",\"@id\":\"https:\/\/www.clvgroup.com\/fr\/articles\/comment-le-360-laurier-incarne-la-vision-du-developpement-durable-de-clv\/#primaryimage\",\"url\":\"https:\/\/www.clvgroup.com\/wp-content\/uploads\/1743772560946_CLV_Group_January_2025-1-scaled.jpg\",\"contentUrl\":\"https:\/\/www.clvgroup.com\/wp-content\/uploads\/1743772560946_CLV_Group_January_2025-1-scaled.jpg\",\"width\":2560,\"height\":1441},{\"@type\":\"BreadcrumbList\",\"@id\":\"https:\/\/www.clvgroup.com\/fr\/articles\/comment-le-360-laurier-incarne-la-vision-du-developpement-durable-de-clv\/#breadcrumb\",\"itemListElement\":[{\"@type\":\"ListItem\",\"position\":1,\"name\":\"Home\",\"item\":\"https:\/\/www.clvgroup.com\/fr\/\"},{\"@type\":\"ListItem\",\"position\":2,\"name\":\"Comment le 360 Laurier incarne la vision du d\u00e9veloppement durable de CLV\"}]},{\"@type\":\"WebSite\",\"@id\":\"https:\/\/www.clvgroup.com\/fr\/#website\",\"url\":\"https:\/\/www.clvgroup.com\/fr\/\",\"name\":\"CLV Group\",\"description\":\"\",\"potentialAction\":[{\"@type\":\"SearchAction\",\"target\":{\"@type\":\"EntryPoint\",\"urlTemplate\":\"https:\/\/www.clvgroup.com\/fr\/?s={search_term_string}\"},\"query-input\":{\"@type\":\"PropertyValueSpecification\",\"valueRequired\":true,\"valueName\":\"search_term_string\"}}],\"inLanguage\":\"fr-FR\"},{\"@type\":\"Person\",\"@id\":\"https:\/\/www.clvgroup.com\/fr\/#\/schema\/person\/f2819996d8c2499a5530e6b58a090874\",\"name\":\"marketing\"}]}<\/script>\n<!-- \/ Yoast SEO plugin. -->","yoast_head_json":{"title":"Comment le 360 Laurier incarne la vision du d\u00e9veloppement durable de CLV - CLV Group","description":"Vous souhaitez en savoir plus sur le dernier projet novateur du Groupe CLV, le 360 Laurier. Apprenez-en davantage sur la fa\u00e7on dont nous mettons l'accent sur la durabilit\u00e9 pendant le d\u00e9veloppement.","robots":{"index":"index","follow":"follow","max-snippet":"max-snippet:-1","max-image-preview":"max-image-preview:large","max-video-preview":"max-video-preview:-1"},"canonical":"https:\/\/www.clvgroup.com\/fr\/articles\/comment-le-360-laurier-incarne-la-vision-du-developpement-durable-de-clv\/","og_locale":"fr_FR","og_type":"article","og_title":"Comment le 360 Laurier incarne la vision du d\u00e9veloppement durable de CLV - CLV Group","og_description":"Vous souhaitez en savoir plus sur le dernier projet novateur du Groupe CLV, le 360 Laurier. Apprenez-en davantage sur la fa\u00e7on dont nous mettons l'accent sur la durabilit\u00e9 pendant le d\u00e9veloppement.","og_url":"https:\/\/www.clvgroup.com\/fr\/articles\/comment-le-360-laurier-incarne-la-vision-du-developpement-durable-de-clv\/","og_site_name":"CLV Group","article_published_time":"2025-01-31T14:18:00+00:00","article_modified_time":"2025-05-21T19:13:12+00:00","og_image":[{"width":2560,"height":1441,"url":"https:\/\/www.clvgroup.com\/wp-content\/uploads\/1743772560946_CLV_Group_January_2025-1-scaled.jpg","type":"image\/jpeg"}],"author":"marketing","twitter_card":"summary_large_image","twitter_misc":{"\u00c9crit par":"marketing","Dur\u00e9e de lecture estim\u00e9e":"4 minutes"},"schema":{"@context":"https:\/\/schema.org","@graph":[{"@type":"WebPage","@id":"https:\/\/www.clvgroup.com\/fr\/articles\/comment-le-360-laurier-incarne-la-vision-du-developpement-durable-de-clv\/","url":"https:\/\/www.clvgroup.com\/fr\/articles\/comment-le-360-laurier-incarne-la-vision-du-developpement-durable-de-clv\/","name":"Comment le 360 Laurier incarne la vision du d\u00e9veloppement durable de CLV - CLV Group","isPartOf":{"@id":"https:\/\/www.clvgroup.com\/fr\/#website"},"primaryImageOfPage":{"@id":"https:\/\/www.clvgroup.com\/fr\/articles\/comment-le-360-laurier-incarne-la-vision-du-developpement-durable-de-clv\/#primaryimage"},"image":{"@id":"https:\/\/www.clvgroup.com\/fr\/articles\/comment-le-360-laurier-incarne-la-vision-du-developpement-durable-de-clv\/#primaryimage"},"thumbnailUrl":"https:\/\/www.clvgroup.com\/wp-content\/uploads\/1743772560946_CLV_Group_January_2025-1-scaled.jpg","datePublished":"2025-01-31T14:18:00+00:00","dateModified":"2025-05-21T19:13:12+00:00","author":{"@id":"https:\/\/www.clvgroup.com\/fr\/#\/schema\/person\/f2819996d8c2499a5530e6b58a090874"},"description":"Vous souhaitez en savoir plus sur le dernier projet novateur du Groupe CLV, le 360 Laurier. Apprenez-en davantage sur la fa\u00e7on dont nous mettons l'accent sur la durabilit\u00e9 pendant le d\u00e9veloppement.","breadcrumb":{"@id":"https:\/\/www.clvgroup.com\/fr\/articles\/comment-le-360-laurier-incarne-la-vision-du-developpement-durable-de-clv\/#breadcrumb"},"inLanguage":"fr-FR","potentialAction":[{"@type":"ReadAction","target":["https:\/\/www.clvgroup.com\/fr\/articles\/comment-le-360-laurier-incarne-la-vision-du-developpement-durable-de-clv\/"]}]},{"@type":"ImageObject","inLanguage":"fr-FR","@id":"https:\/\/www.clvgroup.com\/fr\/articles\/comment-le-360-laurier-incarne-la-vision-du-developpement-durable-de-clv\/#primaryimage","url":"https:\/\/www.clvgroup.com\/wp-content\/uploads\/1743772560946_CLV_Group_January_2025-1-scaled.jpg","contentUrl":"https:\/\/www.clvgroup.com\/wp-content\/uploads\/1743772560946_CLV_Group_January_2025-1-scaled.jpg","width":2560,"height":1441},{"@type":"BreadcrumbList","@id":"https:\/\/www.clvgroup.com\/fr\/articles\/comment-le-360-laurier-incarne-la-vision-du-developpement-durable-de-clv\/#breadcrumb","itemListElement":[{"@type":"ListItem","position":1,"name":"Home","item":"https:\/\/www.clvgroup.com\/fr\/"},{"@type":"ListItem","position":2,"name":"Comment le 360 Laurier incarne la vision du d\u00e9veloppement durable de CLV"}]},{"@type":"WebSite","@id":"https:\/\/www.clvgroup.com\/fr\/#website","url":"https:\/\/www.clvgroup.com\/fr\/","name":"CLV Group","description":"","potentialAction":[{"@type":"SearchAction","target":{"@type":"EntryPoint","urlTemplate":"https:\/\/www.clvgroup.com\/fr\/?s={search_term_string}"},"query-input":{"@type":"PropertyValueSpecification","valueRequired":true,"valueName":"search_term_string"}}],"inLanguage":"fr-FR"},{"@type":"Person","@id":"https:\/\/www.clvgroup.com\/fr\/#\/schema\/person\/f2819996d8c2499a5530e6b58a090874","name":"marketing"}]}},"_links":{"self":[{"href":"https:\/\/www.clvgroup.com\/fr\/wp-json\/wp\/v2\/posts\/20079","targetHints":{"allow":["GET"]}}],"collection":[{"href":"https:\/\/www.clvgroup.com\/fr\/wp-json\/wp\/v2\/posts"}],"about":[{"href":"https:\/\/www.clvgroup.com\/fr\/wp-json\/wp\/v2\/types\/post"}],"author":[{"embeddable":true,"href":"https:\/\/www.clvgroup.com\/fr\/wp-json\/wp\/v2\/users\/3"}],"replies":[{"embeddable":true,"href":"https:\/\/www.clvgroup.com\/fr\/wp-json\/wp\/v2\/comments?post=20079"}],"version-history":[{"count":2,"href":"https:\/\/www.clvgroup.com\/fr\/wp-json\/wp\/v2\/posts\/20079\/revisions"}],"predecessor-version":[{"id":21385,"href":"https:\/\/www.clvgroup.com\/fr\/wp-json\/wp\/v2\/posts\/20079\/revisions\/21385"}],"wp:featuredmedia":[{"embeddable":true,"href":"https:\/\/www.clvgroup.com\/fr\/wp-json\/wp\/v2\/media\/20081"}],"wp:attachment":[{"href":"https:\/\/www.clvgroup.com\/fr\/wp-json\/wp\/v2\/media?parent=20079"}],"wp:term":[{"taxonomy":"category","embeddable":true,"href":"https:\/\/www.clvgroup.com\/fr\/wp-json\/wp\/v2\/categories?post=20079"},{"taxonomy":"post_tag","embeddable":true,"href":"https:\/\/www.clvgroup.com\/fr\/wp-json\/wp\/v2\/tags?post=20079"}],"curies":[{"name":"wp","href":"https:\/\/api.w.org\/{rel}","templated":true}]}}