{"id":20253,"date":"2020-02-20T17:48:00","date_gmt":"2020-02-20T21:48:00","guid":{"rendered":"https:\/\/www.clvgroup.com\/ouverture-dun-nouveau-centre-de-formation-a-montreal\/"},"modified":"2025-12-09T14:45:59","modified_gmt":"2025-12-09T18:45:59","slug":"ouverture-dun-nouveau-centre-de-formation-a-montreal","status":"publish","type":"post","link":"https:\/\/www.clvgroup.com\/fr\/articles\/ouverture-dun-nouveau-centre-de-formation-a-montreal\/","title":{"rendered":"Ouverture d&rsquo;un nouveau centre de formation \u00e0 Montr\u00e9al"},"content":{"rendered":"\n<p>Chez CLV Group, nous veillons \u00e0 ce que nos \u00e9quipes disposent de toutes les ressources n\u00e9cessaires \u00e0 leur d\u00e9veloppement personnel et professionnel. La formation continue permet \u00e0 nos collaborateurs de se d\u00e9passer au quotidien. <\/p>\n\n\n\n<p>Apr\u00e8s l&rsquo;ouverture de notre<a href=\"https:\/\/www.clvgroup.com\/blog\/2019\/09\/15\/17578\/\"><strong> centre de formation \u00e0 Ottawa<\/strong><\/a> situ\u00e9 \u00e0 notre si\u00e8ge social de <a href=\"https:\/\/www.clvgroup.com\/apartments\/forest-ridge\"><strong>Forest Ridge<\/strong><\/a> et le centre de formation de <a href=\"https:\/\/www.clvgroup.com\/blog\/2019\/10\/18\/a-new-training-centre-in-hamilton\/\"><strong>centre de formation de Hamilton<\/strong><\/a> situ\u00e9 \u00e0 <a href=\"https:\/\/www.clvgroup.com\/apartments\/stoney-creek-towers\"><strong>Stoney Creek Towers<\/strong><\/a>Nous sommes fiers d&rsquo;annoncer le lancement de notre troisi\u00e8me centre de formation, \u00e0 Montr\u00e9al. Cet espace, situ\u00e9 au <a href=\"https:\/\/www.clvgroup.com\/apartments\/neuville\"><strong>Le Neuville<\/strong><\/a>Cet espace, situ\u00e9 au Neuville, est enti\u00e8rement \u00e9quip\u00e9 de tous les outils et du mat\u00e9riel dont notre personnel peut avoir besoin. Nos \u00e9quipes d&rsquo;entretien et de nettoyage de tout Montr\u00e9al seront form\u00e9es sur un \u00e9ventail de sujets diff\u00e9rents afin de les aider \u00e0 entretenir nos communaut\u00e9s et \u00e0 surpasser les attentes de nos r\u00e9sidents.<\/p>\n\n\n\n<p>Nous avons c\u00e9l\u00e9br\u00e9 le nouveau centre avec des sessions de formation en \u00e9lectricit\u00e9 et en plomberie pour nos \u00e9quipes de maintenance dans les semaines du 10 et du 17 f\u00e9vrier.<\/p>\n\n\n\n<p><\/p>\n","protected":false},"excerpt":{"rendered":"<p>Chez CLV Group, nous veillons \u00e0 ce que nos \u00e9quipes disposent de toutes les ressources n\u00e9cessaires \u00e0 leur d\u00e9veloppement personnel et professionnel. La formation continue permet \u00e0 nos collaborateurs de se d\u00e9passer au quotidien. Apr\u00e8s l&rsquo;ouverture de notre centre de formation \u00e0 Ottawa situ\u00e9 \u00e0 notre si\u00e8ge social de Forest Ridge et le centre de [&hellip;]<\/p>\n","protected":false},"author":10,"featured_media":20254,"comment_status":"closed","ping_status":"closed","sticky":false,"template":"","format":"standard","meta":{"_acf_changed":false,"inline_featured_image":false,"footnotes":""},"categories":[218],"tags":[],"class_list":["post-20253","post","type-post","status-publish","format-standard","has-post-thumbnail","hentry","category-actualites"],"acf":[],"yoast_head":"<!-- This site is optimized with the Yoast SEO plugin v25.4 - https:\/\/yoast.com\/wordpress\/plugins\/seo\/ -->\n<title>Ouverture d&#039;un nouveau centre de formation \u00e0 Montr\u00e9al - CLV Group<\/title>\n<meta name=\"description\" content=\"Chez CLV Group, nous veillons \u00e0 ce que nos \u00e9quipes disposent de toutes les ressources n\u00e9cessaires \u00e0 leur d\u00e9veloppement personnel et professionnel. La\" \/>\n<meta name=\"robots\" content=\"index, follow, max-snippet:-1, max-image-preview:large, max-video-preview:-1\" \/>\n<link rel=\"canonical\" href=\"https:\/\/www.clvgroup.com\/fr\/articles\/ouverture-dun-nouveau-centre-de-formation-a-montreal\/\" \/>\n<meta property=\"og:locale\" content=\"fr_FR\" \/>\n<meta property=\"og:type\" content=\"article\" \/>\n<meta property=\"og:title\" content=\"Ouverture d&#039;un nouveau centre de formation \u00e0 Montr\u00e9al - CLV Group\" \/>\n<meta property=\"og:description\" content=\"Chez CLV Group, nous veillons \u00e0 ce que nos \u00e9quipes disposent de toutes les ressources n\u00e9cessaires \u00e0 leur d\u00e9veloppement personnel et professionnel. La\" \/>\n<meta property=\"og:url\" content=\"https:\/\/www.clvgroup.com\/fr\/articles\/ouverture-dun-nouveau-centre-de-formation-a-montreal\/\" \/>\n<meta property=\"og:site_name\" content=\"CLV Group\" \/>\n<meta property=\"article:published_time\" content=\"2020-02-20T21:48:00+00:00\" \/>\n<meta property=\"article:modified_time\" content=\"2025-12-09T18:45:59+00:00\" \/>\n<meta property=\"og:image\" content=\"https:\/\/www.clvgroup.com\/wp-content\/uploads\/1704484727755_Day-3-2Blog-scaled-2560x1280-1.jpg\" \/>\n\t<meta property=\"og:image:width\" content=\"2560\" \/>\n\t<meta property=\"og:image:height\" content=\"1280\" \/>\n\t<meta property=\"og:image:type\" content=\"image\/jpeg\" \/>\n<meta name=\"author\" content=\"admin\" \/>\n<meta name=\"twitter:card\" content=\"summary_large_image\" \/>\n<meta name=\"twitter:label1\" content=\"\u00c9crit par\" \/>\n\t<meta name=\"twitter:data1\" content=\"admin\" \/>\n\t<meta name=\"twitter:label2\" content=\"Dur\u00e9e de lecture estim\u00e9e\" \/>\n\t<meta name=\"twitter:data2\" content=\"1 minute\" \/>\n<script type=\"application\/ld+json\" class=\"yoast-schema-graph\">{\"@context\":\"https:\/\/schema.org\",\"@graph\":[{\"@type\":\"WebPage\",\"@id\":\"https:\/\/www.clvgroup.com\/fr\/articles\/ouverture-dun-nouveau-centre-de-formation-a-montreal\/\",\"url\":\"https:\/\/www.clvgroup.com\/fr\/articles\/ouverture-dun-nouveau-centre-de-formation-a-montreal\/\",\"name\":\"Ouverture d'un nouveau centre de formation \u00e0 Montr\u00e9al - CLV Group\",\"isPartOf\":{\"@id\":\"https:\/\/www.clvgroup.com\/fr\/#website\"},\"primaryImageOfPage\":{\"@id\":\"https:\/\/www.clvgroup.com\/fr\/articles\/ouverture-dun-nouveau-centre-de-formation-a-montreal\/#primaryimage\"},\"image\":{\"@id\":\"https:\/\/www.clvgroup.com\/fr\/articles\/ouverture-dun-nouveau-centre-de-formation-a-montreal\/#primaryimage\"},\"thumbnailUrl\":\"https:\/\/www.clvgroup.com\/wp-content\/uploads\/1704484727755_Day-3-2Blog-scaled-2560x1280-1.jpg\",\"datePublished\":\"2020-02-20T21:48:00+00:00\",\"dateModified\":\"2025-12-09T18:45:59+00:00\",\"author\":{\"@id\":\"https:\/\/www.clvgroup.com\/fr\/#\/schema\/person\/7ea7e11d0a2583664b887a0cfb611097\"},\"description\":\"Chez CLV Group, nous veillons \u00e0 ce que nos \u00e9quipes disposent de toutes les ressources n\u00e9cessaires \u00e0 leur d\u00e9veloppement personnel et professionnel. La\",\"breadcrumb\":{\"@id\":\"https:\/\/www.clvgroup.com\/fr\/articles\/ouverture-dun-nouveau-centre-de-formation-a-montreal\/#breadcrumb\"},\"inLanguage\":\"fr-FR\",\"potentialAction\":[{\"@type\":\"ReadAction\",\"target\":[\"https:\/\/www.clvgroup.com\/fr\/articles\/ouverture-dun-nouveau-centre-de-formation-a-montreal\/\"]}]},{\"@type\":\"ImageObject\",\"inLanguage\":\"fr-FR\",\"@id\":\"https:\/\/www.clvgroup.com\/fr\/articles\/ouverture-dun-nouveau-centre-de-formation-a-montreal\/#primaryimage\",\"url\":\"https:\/\/www.clvgroup.com\/wp-content\/uploads\/1704484727755_Day-3-2Blog-scaled-2560x1280-1.jpg\",\"contentUrl\":\"https:\/\/www.clvgroup.com\/wp-content\/uploads\/1704484727755_Day-3-2Blog-scaled-2560x1280-1.jpg\",\"width\":2560,\"height\":1280},{\"@type\":\"BreadcrumbList\",\"@id\":\"https:\/\/www.clvgroup.com\/fr\/articles\/ouverture-dun-nouveau-centre-de-formation-a-montreal\/#breadcrumb\",\"itemListElement\":[{\"@type\":\"ListItem\",\"position\":1,\"name\":\"Home\",\"item\":\"https:\/\/www.clvgroup.com\/fr\/\"},{\"@type\":\"ListItem\",\"position\":2,\"name\":\"Ouverture d&#8217;un nouveau centre de formation \u00e0 Montr\u00e9al\"}]},{\"@type\":\"WebSite\",\"@id\":\"https:\/\/www.clvgroup.com\/fr\/#website\",\"url\":\"https:\/\/www.clvgroup.com\/fr\/\",\"name\":\"CLV Group\",\"description\":\"\",\"potentialAction\":[{\"@type\":\"SearchAction\",\"target\":{\"@type\":\"EntryPoint\",\"urlTemplate\":\"https:\/\/www.clvgroup.com\/fr\/?s={search_term_string}\"},\"query-input\":{\"@type\":\"PropertyValueSpecification\",\"valueRequired\":true,\"valueName\":\"search_term_string\"}}],\"inLanguage\":\"fr-FR\"},{\"@type\":\"Person\",\"@id\":\"https:\/\/www.clvgroup.com\/fr\/#\/schema\/person\/7ea7e11d0a2583664b887a0cfb611097\",\"name\":\"admin\",\"sameAs\":[\"https:\/\/www.clvgroup.com\"]}]}<\/script>\n<!-- \/ Yoast SEO plugin. -->","yoast_head_json":{"title":"Ouverture d'un nouveau centre de formation \u00e0 Montr\u00e9al - CLV Group","description":"Chez CLV Group, nous veillons \u00e0 ce que nos \u00e9quipes disposent de toutes les ressources n\u00e9cessaires \u00e0 leur d\u00e9veloppement personnel et professionnel. La","robots":{"index":"index","follow":"follow","max-snippet":"max-snippet:-1","max-image-preview":"max-image-preview:large","max-video-preview":"max-video-preview:-1"},"canonical":"https:\/\/www.clvgroup.com\/fr\/articles\/ouverture-dun-nouveau-centre-de-formation-a-montreal\/","og_locale":"fr_FR","og_type":"article","og_title":"Ouverture d'un nouveau centre de formation \u00e0 Montr\u00e9al - CLV Group","og_description":"Chez CLV Group, nous veillons \u00e0 ce que nos \u00e9quipes disposent de toutes les ressources n\u00e9cessaires \u00e0 leur d\u00e9veloppement personnel et professionnel. La","og_url":"https:\/\/www.clvgroup.com\/fr\/articles\/ouverture-dun-nouveau-centre-de-formation-a-montreal\/","og_site_name":"CLV Group","article_published_time":"2020-02-20T21:48:00+00:00","article_modified_time":"2025-12-09T18:45:59+00:00","og_image":[{"width":2560,"height":1280,"url":"https:\/\/www.clvgroup.com\/wp-content\/uploads\/1704484727755_Day-3-2Blog-scaled-2560x1280-1.jpg","type":"image\/jpeg"}],"author":"admin","twitter_card":"summary_large_image","twitter_misc":{"\u00c9crit par":"admin","Dur\u00e9e de lecture estim\u00e9e":"1 minute"},"schema":{"@context":"https:\/\/schema.org","@graph":[{"@type":"WebPage","@id":"https:\/\/www.clvgroup.com\/fr\/articles\/ouverture-dun-nouveau-centre-de-formation-a-montreal\/","url":"https:\/\/www.clvgroup.com\/fr\/articles\/ouverture-dun-nouveau-centre-de-formation-a-montreal\/","name":"Ouverture d'un nouveau centre de formation \u00e0 Montr\u00e9al - CLV Group","isPartOf":{"@id":"https:\/\/www.clvgroup.com\/fr\/#website"},"primaryImageOfPage":{"@id":"https:\/\/www.clvgroup.com\/fr\/articles\/ouverture-dun-nouveau-centre-de-formation-a-montreal\/#primaryimage"},"image":{"@id":"https:\/\/www.clvgroup.com\/fr\/articles\/ouverture-dun-nouveau-centre-de-formation-a-montreal\/#primaryimage"},"thumbnailUrl":"https:\/\/www.clvgroup.com\/wp-content\/uploads\/1704484727755_Day-3-2Blog-scaled-2560x1280-1.jpg","datePublished":"2020-02-20T21:48:00+00:00","dateModified":"2025-12-09T18:45:59+00:00","author":{"@id":"https:\/\/www.clvgroup.com\/fr\/#\/schema\/person\/7ea7e11d0a2583664b887a0cfb611097"},"description":"Chez CLV Group, nous veillons \u00e0 ce que nos \u00e9quipes disposent de toutes les ressources n\u00e9cessaires \u00e0 leur d\u00e9veloppement personnel et professionnel. La","breadcrumb":{"@id":"https:\/\/www.clvgroup.com\/fr\/articles\/ouverture-dun-nouveau-centre-de-formation-a-montreal\/#breadcrumb"},"inLanguage":"fr-FR","potentialAction":[{"@type":"ReadAction","target":["https:\/\/www.clvgroup.com\/fr\/articles\/ouverture-dun-nouveau-centre-de-formation-a-montreal\/"]}]},{"@type":"ImageObject","inLanguage":"fr-FR","@id":"https:\/\/www.clvgroup.com\/fr\/articles\/ouverture-dun-nouveau-centre-de-formation-a-montreal\/#primaryimage","url":"https:\/\/www.clvgroup.com\/wp-content\/uploads\/1704484727755_Day-3-2Blog-scaled-2560x1280-1.jpg","contentUrl":"https:\/\/www.clvgroup.com\/wp-content\/uploads\/1704484727755_Day-3-2Blog-scaled-2560x1280-1.jpg","width":2560,"height":1280},{"@type":"BreadcrumbList","@id":"https:\/\/www.clvgroup.com\/fr\/articles\/ouverture-dun-nouveau-centre-de-formation-a-montreal\/#breadcrumb","itemListElement":[{"@type":"ListItem","position":1,"name":"Home","item":"https:\/\/www.clvgroup.com\/fr\/"},{"@type":"ListItem","position":2,"name":"Ouverture d&#8217;un nouveau centre de formation \u00e0 Montr\u00e9al"}]},{"@type":"WebSite","@id":"https:\/\/www.clvgroup.com\/fr\/#website","url":"https:\/\/www.clvgroup.com\/fr\/","name":"CLV Group","description":"","potentialAction":[{"@type":"SearchAction","target":{"@type":"EntryPoint","urlTemplate":"https:\/\/www.clvgroup.com\/fr\/?s={search_term_string}"},"query-input":{"@type":"PropertyValueSpecification","valueRequired":true,"valueName":"search_term_string"}}],"inLanguage":"fr-FR"},{"@type":"Person","@id":"https:\/\/www.clvgroup.com\/fr\/#\/schema\/person\/7ea7e11d0a2583664b887a0cfb611097","name":"admin","sameAs":["https:\/\/www.clvgroup.com"]}]}},"_links":{"self":[{"href":"https:\/\/www.clvgroup.com\/fr\/wp-json\/wp\/v2\/posts\/20253","targetHints":{"allow":["GET"]}}],"collection":[{"href":"https:\/\/www.clvgroup.com\/fr\/wp-json\/wp\/v2\/posts"}],"about":[{"href":"https:\/\/www.clvgroup.com\/fr\/wp-json\/wp\/v2\/types\/post"}],"author":[{"embeddable":true,"href":"https:\/\/www.clvgroup.com\/fr\/wp-json\/wp\/v2\/users\/10"}],"replies":[{"embeddable":true,"href":"https:\/\/www.clvgroup.com\/fr\/wp-json\/wp\/v2\/comments?post=20253"}],"version-history":[{"count":5,"href":"https:\/\/www.clvgroup.com\/fr\/wp-json\/wp\/v2\/posts\/20253\/revisions"}],"predecessor-version":[{"id":24249,"href":"https:\/\/www.clvgroup.com\/fr\/wp-json\/wp\/v2\/posts\/20253\/revisions\/24249"}],"wp:featuredmedia":[{"embeddable":true,"href":"https:\/\/www.clvgroup.com\/fr\/wp-json\/wp\/v2\/media\/20254"}],"wp:attachment":[{"href":"https:\/\/www.clvgroup.com\/fr\/wp-json\/wp\/v2\/media?parent=20253"}],"wp:term":[{"taxonomy":"category","embeddable":true,"href":"https:\/\/www.clvgroup.com\/fr\/wp-json\/wp\/v2\/categories?post=20253"},{"taxonomy":"post_tag","embeddable":true,"href":"https:\/\/www.clvgroup.com\/fr\/wp-json\/wp\/v2\/tags?post=20253"}],"curies":[{"name":"wp","href":"https:\/\/api.w.org\/{rel}","templated":true}]}}