{"id":20280,"date":"2023-10-24T17:09:10","date_gmt":"2023-10-24T21:09:10","guid":{"rendered":"https:\/\/www.clvgroup.com\/inserer-lart-et-la-culture-dans-la-decoration-de-votre-logement\/"},"modified":"2026-01-13T12:36:11","modified_gmt":"2026-01-13T16:36:11","slug":"inserer-lart-et-la-culture-dans-la-decoration-de-votre-logement","status":"publish","type":"post","link":"https:\/\/www.clvgroup.com\/fr\/articles\/inserer-lart-et-la-culture-dans-la-decoration-de-votre-logement\/","title":{"rendered":"Ins\u00e9rer l&rsquo;art et la culture dans la d\u00e9coration de votre logement"},"content":{"rendered":"\n<p>Le monde est plein de styles et de m\u00e9thodes de d\u00e9coration magnifiques. Au fur et \u00e0 mesure que nous nous rapprochons les uns des autres, nous avons l&rsquo;occasion de d\u00e9couvrir d&rsquo;autres cultures et esth\u00e9tiques et d&rsquo;appr\u00e9cier leur existence. Dans cet article, nous allons explorer la mani\u00e8re dont les diff\u00e9rentes cultures d\u00e9corent leurs espaces de vie et aborder l&rsquo;importance de la compr\u00e9hension et du respect culturels.<\/p>\n\n<h2 class=\"wp-block-heading\">Le dynamisme marocain<\/h2>\n\n<p>La d\u00e9coration marocaine est souvent un m\u00e9lange fascinant de couleurs, de motifs et de textures. Ce style a la capacit\u00e9 impeccable d&rsquo;insuffler de la chaleur et de l&rsquo;\u00e9clat \u00e0 n&rsquo;importe quel espace. Voici quelques \u00e9l\u00e9ments cl\u00e9s de la d\u00e9coration marocaine :<\/p>\n\n<ul class=\"wp-block-list\">\n<li><strong>Couleurs vives :<\/strong> Pensez \u00e0 des bleus profonds, des rouges ardents, des violets riches et des oranges chauds. Les textiles, les tapis, les coussins et les accessoires d\u00e9coratifs int\u00e8grent souvent ces couleurs.<\/li>\n\n\n\n<li><strong>Motifs complexes : <\/strong>Les dessins marocains pr\u00e9sentent souvent des motifs g\u00e9om\u00e9triques complexes. Ils sont parfaits pour les tapis, les c\u00e9ramiques ou m\u00eame les d\u00e9corations murales.<\/li>\n\n\n\n<li><strong>Les carreaux en mosa\u00efque : <\/strong>Les carreaux marocains, connus sous le nom de Zellige, peuvent \u00e9galement \u00eatre incorpor\u00e9s dans votre espace. Si vous ne pouvez pas remplacer le rev\u00eatement de sol de votre location, vous pouvez trouver des sous-verres, des plateaux de table ou des \u0153uvres d&rsquo;art murales inspir\u00e9s des carreaux de mosa\u00efque.<\/li>\n\n\n\n<li><strong>Si\u00e8ges bas :<\/strong> La d\u00e9coration marocaine traditionnelle comprend souvent des si\u00e8ges bas.<\/li>\n<\/ul>\n\n<h2 class=\"wp-block-heading\">Simplicit\u00e9 japonaise<\/h2>\n\n<p>La d\u00e9coration japonaise est souvent connue pour son \u00e9l\u00e9gance minimaliste et son lien profond avec la nature. Parmi les principaux \u00e9l\u00e9ments de l&rsquo;am\u00e9nagement int\u00e9rieur, citons<\/p>\n\n<ul class=\"wp-block-list\">\n<li><strong>Palettes neutres :<\/strong> Les int\u00e9rieurs japonais se caract\u00e9risent souvent par des tons de blanc, de beige et de gris doux.<\/li>\n\n\n\n<li><strong>Mat\u00e9riaux naturels :<\/strong> Le bois et le bambou font souvent partie de la d\u00e9coration japonaise. Il peut s&rsquo;agir de tapis, d&rsquo;\u0153uvres d&rsquo;art murales ou m\u00eame de vaisselle.<\/li>\n\n\n\n<li><strong>\u00c9crans Shoji :<\/strong> Ces \u00e9crans sont constitu\u00e9s de papier translucide et de cadres en bois, laissant filtrer une lumi\u00e8re douce et diffuse. Ils sont souvent utilis\u00e9s comme s\u00e9parateurs de pi\u00e8ces pour cr\u00e9er un sentiment d&rsquo;intimit\u00e9 tout en maintenant l&rsquo;ouverture.<\/li>\n<\/ul>\n\n<h2 class=\"wp-block-heading\">France Country Elegance<\/h2>\n\n<p>La d\u00e9coration de la campagne fran\u00e7aise, \u00e9galement connue sous le nom de style proven\u00e7al, capture le charme rustique et intemporel de la France rurale. Les principaux aspects de ce look sont les suivants :<\/p>\n\n<ul class=\"wp-block-list\">\n<li><strong>Tons chauds de la terre :<\/strong> Les cr\u00e8mes douces, les jaunes att\u00e9nu\u00e9s et les rouges terracotta sont populaires dans ce style.<\/li>\n\n\n\n<li><strong>Textures rustiques :<\/strong> Les textures rustiques sont souvent incorpor\u00e9es dans des textiles comme le lin et le coton. Il peut s&rsquo;agir de nappes, de rideaux ou de coussins.<\/li>\n\n\n\n<li><strong>Pi\u00e8ces antiques et anciennes :<\/strong> La d\u00e9coration rustique fran\u00e7aise comprend souvent des meubles et des accessoires anciens ou vintage. Recherchez des finitions vieillies ou alt\u00e9r\u00e9es sur les meubles pour leur donner un aspect vieilli.<\/li>\n<\/ul>\n\n<h2 class=\"wp-block-heading\">Adopter la d\u00e9coration mondiale<\/h2>\n\n<p>Les maisons sont comme une extension du soi, et les cultures du monde entier ont cr\u00e9\u00e9 leurs propres fa\u00e7ons de personnaliser leurs espaces. Chaque communaut\u00e9 apporte une perspective unique en mati\u00e8re d&rsquo;esth\u00e9tique, de traditions et de valeurs.  <\/p>\n\n<p>Lorsque vous adoptez des styles de d\u00e9coration \u00e9trangers, il est essentiel de prendre le temps d&rsquo;<strong>en conna\u00eetre les origines.<\/strong> Cette connaissance vous permet d&rsquo;approfondir votre appr\u00e9ciation et <strong>vous aide \u00e0 \u00e9viter les repr\u00e9sentations erron\u00e9es ou l&rsquo;appropriation.<\/strong> \u00c9vitez d&rsquo;utiliser des symboles sacr\u00e9s ou religieux \u00e0 des fins d\u00e9coratives et tenez toujours compte du contexte dans lequel s&rsquo;inscrivent les objets que vous choisissez. L&rsquo;objectif est d&rsquo;appr\u00e9cier et d&rsquo;honorer ces cultures plut\u00f4t que de les transformer en marchandises ou de les exploiter.<\/p>\n\n<p>Une autre fa\u00e7on de c\u00e9l\u00e9brer la diversit\u00e9 des styles est de <strong>s&rsquo;approvisionner aupr\u00e8s d&rsquo;artisans qui s&rsquo;identifient \u00e0 ces communaut\u00e9s.<\/strong> Cela profite simplement aux personnes talentueuses qui partagent leur culture et leur artisanat avec le reste du monde, et c&rsquo;est souvent plus durable.  <\/p>\n\n<h2 class=\"wp-block-heading\">Trouvez votre prochain espace de vie avec le groupe CLV<\/h2>\n\n<p>En comprenant et en appr\u00e9ciant les origines de la d\u00e9coration mondiale, vous pouvez insuffler des styles diff\u00e9rents dans votre espace locatif de mani\u00e8re appropri\u00e9e. Si vous \u00eates \u00e0 la recherche d&rsquo;un nouvel endroit pour vous sentir chez vous, <a href=\"https:\/\/www.clvgroup.com\/fr\/\">d\u00e9couvrez d\u00e8s aujourd&rsquo;hui nos appartements<\/a> au sein du Groupe CLV.<\/p>\n","protected":false},"excerpt":{"rendered":"<p>Le monde est plein de styles et de m\u00e9thodes de d\u00e9coration magnifiques. Au fur et \u00e0 mesure que nous nous rapprochons les uns des autres, nous avons l&rsquo;occasion de d\u00e9couvrir d&rsquo;autres cultures et esth\u00e9tiques et d&rsquo;appr\u00e9cier leur existence. Dans cet article, nous allons explorer la mani\u00e8re dont les diff\u00e9rentes cultures d\u00e9corent leurs espaces de vie [&hellip;]<\/p>\n","protected":false},"author":10,"featured_media":20281,"comment_status":"closed","ping_status":"closed","sticky":false,"template":"","format":"standard","meta":{"_acf_changed":false,"inline_featured_image":false,"footnotes":""},"categories":[216],"tags":[],"class_list":["post-20280","post","type-post","status-publish","format-standard","has-post-thumbnail","hentry","category-mode-de-vie"],"acf":[],"yoast_head":"<!-- This site is optimized with the Yoast SEO plugin v25.4 - https:\/\/yoast.com\/wordpress\/plugins\/seo\/ -->\n<title>Ins\u00e9rer l&#039;art et la culture dans la d\u00e9coration de votre logement - CLV Group<\/title>\n<meta name=\"description\" content=\"Apportez de la personnalit\u00e9 \u00e0 votre location en y int\u00e9grant des \u00e9l\u00e9ments artistiques et culturels qui refl\u00e8tent votre style sans pour autant y apporter de modifications permanentes.\" \/>\n<meta name=\"robots\" content=\"index, follow, max-snippet:-1, max-image-preview:large, max-video-preview:-1\" \/>\n<link rel=\"canonical\" href=\"https:\/\/www.clvgroup.com\/fr\/articles\/inserer-lart-et-la-culture-dans-la-decoration-de-votre-logement\/\" \/>\n<meta property=\"og:locale\" content=\"fr_FR\" \/>\n<meta property=\"og:type\" content=\"article\" \/>\n<meta property=\"og:title\" content=\"Ins\u00e9rer l&#039;art et la culture dans la d\u00e9coration de votre logement - CLV Group\" \/>\n<meta property=\"og:description\" content=\"Apportez de la personnalit\u00e9 \u00e0 votre location en y int\u00e9grant des \u00e9l\u00e9ments artistiques et culturels qui refl\u00e8tent votre style sans pour autant y apporter de modifications permanentes.\" \/>\n<meta property=\"og:url\" content=\"https:\/\/www.clvgroup.com\/fr\/articles\/inserer-lart-et-la-culture-dans-la-decoration-de-votre-logement\/\" \/>\n<meta property=\"og:site_name\" content=\"CLV Group\" \/>\n<meta property=\"article:published_time\" content=\"2023-10-24T21:09:10+00:00\" \/>\n<meta property=\"article:modified_time\" content=\"2026-01-13T16:36:11+00:00\" \/>\n<meta property=\"og:image\" content=\"https:\/\/www.clvgroup.com\/wp-content\/uploads\/1704384601_interior-decor-living-room-1000x500-1.jpg\" \/>\n\t<meta property=\"og:image:width\" content=\"1000\" \/>\n\t<meta property=\"og:image:height\" content=\"500\" \/>\n\t<meta property=\"og:image:type\" content=\"image\/jpeg\" \/>\n<meta name=\"author\" content=\"admin\" \/>\n<meta name=\"twitter:card\" content=\"summary_large_image\" \/>\n<meta name=\"twitter:label1\" content=\"\u00c9crit par\" \/>\n\t<meta name=\"twitter:data1\" content=\"admin\" \/>\n\t<meta name=\"twitter:label2\" content=\"Dur\u00e9e de lecture estim\u00e9e\" \/>\n\t<meta name=\"twitter:data2\" content=\"4 minutes\" \/>\n<script type=\"application\/ld+json\" class=\"yoast-schema-graph\">{\"@context\":\"https:\/\/schema.org\",\"@graph\":[{\"@type\":\"WebPage\",\"@id\":\"https:\/\/www.clvgroup.com\/fr\/articles\/inserer-lart-et-la-culture-dans-la-decoration-de-votre-logement\/\",\"url\":\"https:\/\/www.clvgroup.com\/fr\/articles\/inserer-lart-et-la-culture-dans-la-decoration-de-votre-logement\/\",\"name\":\"Ins\u00e9rer l'art et la culture dans la d\u00e9coration de votre logement - CLV Group\",\"isPartOf\":{\"@id\":\"https:\/\/www.clvgroup.com\/fr\/#website\"},\"primaryImageOfPage\":{\"@id\":\"https:\/\/www.clvgroup.com\/fr\/articles\/inserer-lart-et-la-culture-dans-la-decoration-de-votre-logement\/#primaryimage\"},\"image\":{\"@id\":\"https:\/\/www.clvgroup.com\/fr\/articles\/inserer-lart-et-la-culture-dans-la-decoration-de-votre-logement\/#primaryimage\"},\"thumbnailUrl\":\"https:\/\/www.clvgroup.com\/wp-content\/uploads\/1704384601_interior-decor-living-room-1000x500-1.jpg\",\"datePublished\":\"2023-10-24T21:09:10+00:00\",\"dateModified\":\"2026-01-13T16:36:11+00:00\",\"author\":{\"@id\":\"https:\/\/www.clvgroup.com\/fr\/#\/schema\/person\/7ea7e11d0a2583664b887a0cfb611097\"},\"description\":\"Apportez de la personnalit\u00e9 \u00e0 votre location en y int\u00e9grant des \u00e9l\u00e9ments artistiques et culturels qui refl\u00e8tent votre style sans pour autant y apporter de modifications permanentes.\",\"breadcrumb\":{\"@id\":\"https:\/\/www.clvgroup.com\/fr\/articles\/inserer-lart-et-la-culture-dans-la-decoration-de-votre-logement\/#breadcrumb\"},\"inLanguage\":\"fr-FR\",\"potentialAction\":[{\"@type\":\"ReadAction\",\"target\":[\"https:\/\/www.clvgroup.com\/fr\/articles\/inserer-lart-et-la-culture-dans-la-decoration-de-votre-logement\/\"]}]},{\"@type\":\"ImageObject\",\"inLanguage\":\"fr-FR\",\"@id\":\"https:\/\/www.clvgroup.com\/fr\/articles\/inserer-lart-et-la-culture-dans-la-decoration-de-votre-logement\/#primaryimage\",\"url\":\"https:\/\/www.clvgroup.com\/wp-content\/uploads\/1704384601_interior-decor-living-room-1000x500-1.jpg\",\"contentUrl\":\"https:\/\/www.clvgroup.com\/wp-content\/uploads\/1704384601_interior-decor-living-room-1000x500-1.jpg\",\"width\":1000,\"height\":500},{\"@type\":\"BreadcrumbList\",\"@id\":\"https:\/\/www.clvgroup.com\/fr\/articles\/inserer-lart-et-la-culture-dans-la-decoration-de-votre-logement\/#breadcrumb\",\"itemListElement\":[{\"@type\":\"ListItem\",\"position\":1,\"name\":\"Home\",\"item\":\"https:\/\/www.clvgroup.com\/fr\/\"},{\"@type\":\"ListItem\",\"position\":2,\"name\":\"Ins\u00e9rer l&#8217;art et la culture dans la d\u00e9coration de votre logement\"}]},{\"@type\":\"WebSite\",\"@id\":\"https:\/\/www.clvgroup.com\/fr\/#website\",\"url\":\"https:\/\/www.clvgroup.com\/fr\/\",\"name\":\"CLV Group\",\"description\":\"\",\"potentialAction\":[{\"@type\":\"SearchAction\",\"target\":{\"@type\":\"EntryPoint\",\"urlTemplate\":\"https:\/\/www.clvgroup.com\/fr\/?s={search_term_string}\"},\"query-input\":{\"@type\":\"PropertyValueSpecification\",\"valueRequired\":true,\"valueName\":\"search_term_string\"}}],\"inLanguage\":\"fr-FR\"},{\"@type\":\"Person\",\"@id\":\"https:\/\/www.clvgroup.com\/fr\/#\/schema\/person\/7ea7e11d0a2583664b887a0cfb611097\",\"name\":\"admin\",\"sameAs\":[\"https:\/\/www.clvgroup.com\"]}]}<\/script>\n<!-- \/ Yoast SEO plugin. -->","yoast_head_json":{"title":"Ins\u00e9rer l'art et la culture dans la d\u00e9coration de votre logement - CLV Group","description":"Apportez de la personnalit\u00e9 \u00e0 votre location en y int\u00e9grant des \u00e9l\u00e9ments artistiques et culturels qui refl\u00e8tent votre style sans pour autant y apporter de modifications permanentes.","robots":{"index":"index","follow":"follow","max-snippet":"max-snippet:-1","max-image-preview":"max-image-preview:large","max-video-preview":"max-video-preview:-1"},"canonical":"https:\/\/www.clvgroup.com\/fr\/articles\/inserer-lart-et-la-culture-dans-la-decoration-de-votre-logement\/","og_locale":"fr_FR","og_type":"article","og_title":"Ins\u00e9rer l'art et la culture dans la d\u00e9coration de votre logement - CLV Group","og_description":"Apportez de la personnalit\u00e9 \u00e0 votre location en y int\u00e9grant des \u00e9l\u00e9ments artistiques et culturels qui refl\u00e8tent votre style sans pour autant y apporter de modifications permanentes.","og_url":"https:\/\/www.clvgroup.com\/fr\/articles\/inserer-lart-et-la-culture-dans-la-decoration-de-votre-logement\/","og_site_name":"CLV Group","article_published_time":"2023-10-24T21:09:10+00:00","article_modified_time":"2026-01-13T16:36:11+00:00","og_image":[{"width":1000,"height":500,"url":"https:\/\/www.clvgroup.com\/wp-content\/uploads\/1704384601_interior-decor-living-room-1000x500-1.jpg","type":"image\/jpeg"}],"author":"admin","twitter_card":"summary_large_image","twitter_misc":{"\u00c9crit par":"admin","Dur\u00e9e de lecture estim\u00e9e":"4 minutes"},"schema":{"@context":"https:\/\/schema.org","@graph":[{"@type":"WebPage","@id":"https:\/\/www.clvgroup.com\/fr\/articles\/inserer-lart-et-la-culture-dans-la-decoration-de-votre-logement\/","url":"https:\/\/www.clvgroup.com\/fr\/articles\/inserer-lart-et-la-culture-dans-la-decoration-de-votre-logement\/","name":"Ins\u00e9rer l'art et la culture dans la d\u00e9coration de votre logement - CLV Group","isPartOf":{"@id":"https:\/\/www.clvgroup.com\/fr\/#website"},"primaryImageOfPage":{"@id":"https:\/\/www.clvgroup.com\/fr\/articles\/inserer-lart-et-la-culture-dans-la-decoration-de-votre-logement\/#primaryimage"},"image":{"@id":"https:\/\/www.clvgroup.com\/fr\/articles\/inserer-lart-et-la-culture-dans-la-decoration-de-votre-logement\/#primaryimage"},"thumbnailUrl":"https:\/\/www.clvgroup.com\/wp-content\/uploads\/1704384601_interior-decor-living-room-1000x500-1.jpg","datePublished":"2023-10-24T21:09:10+00:00","dateModified":"2026-01-13T16:36:11+00:00","author":{"@id":"https:\/\/www.clvgroup.com\/fr\/#\/schema\/person\/7ea7e11d0a2583664b887a0cfb611097"},"description":"Apportez de la personnalit\u00e9 \u00e0 votre location en y int\u00e9grant des \u00e9l\u00e9ments artistiques et culturels qui refl\u00e8tent votre style sans pour autant y apporter de modifications permanentes.","breadcrumb":{"@id":"https:\/\/www.clvgroup.com\/fr\/articles\/inserer-lart-et-la-culture-dans-la-decoration-de-votre-logement\/#breadcrumb"},"inLanguage":"fr-FR","potentialAction":[{"@type":"ReadAction","target":["https:\/\/www.clvgroup.com\/fr\/articles\/inserer-lart-et-la-culture-dans-la-decoration-de-votre-logement\/"]}]},{"@type":"ImageObject","inLanguage":"fr-FR","@id":"https:\/\/www.clvgroup.com\/fr\/articles\/inserer-lart-et-la-culture-dans-la-decoration-de-votre-logement\/#primaryimage","url":"https:\/\/www.clvgroup.com\/wp-content\/uploads\/1704384601_interior-decor-living-room-1000x500-1.jpg","contentUrl":"https:\/\/www.clvgroup.com\/wp-content\/uploads\/1704384601_interior-decor-living-room-1000x500-1.jpg","width":1000,"height":500},{"@type":"BreadcrumbList","@id":"https:\/\/www.clvgroup.com\/fr\/articles\/inserer-lart-et-la-culture-dans-la-decoration-de-votre-logement\/#breadcrumb","itemListElement":[{"@type":"ListItem","position":1,"name":"Home","item":"https:\/\/www.clvgroup.com\/fr\/"},{"@type":"ListItem","position":2,"name":"Ins\u00e9rer l&#8217;art et la culture dans la d\u00e9coration de votre logement"}]},{"@type":"WebSite","@id":"https:\/\/www.clvgroup.com\/fr\/#website","url":"https:\/\/www.clvgroup.com\/fr\/","name":"CLV Group","description":"","potentialAction":[{"@type":"SearchAction","target":{"@type":"EntryPoint","urlTemplate":"https:\/\/www.clvgroup.com\/fr\/?s={search_term_string}"},"query-input":{"@type":"PropertyValueSpecification","valueRequired":true,"valueName":"search_term_string"}}],"inLanguage":"fr-FR"},{"@type":"Person","@id":"https:\/\/www.clvgroup.com\/fr\/#\/schema\/person\/7ea7e11d0a2583664b887a0cfb611097","name":"admin","sameAs":["https:\/\/www.clvgroup.com"]}]}},"_links":{"self":[{"href":"https:\/\/www.clvgroup.com\/fr\/wp-json\/wp\/v2\/posts\/20280","targetHints":{"allow":["GET"]}}],"collection":[{"href":"https:\/\/www.clvgroup.com\/fr\/wp-json\/wp\/v2\/posts"}],"about":[{"href":"https:\/\/www.clvgroup.com\/fr\/wp-json\/wp\/v2\/types\/post"}],"author":[{"embeddable":true,"href":"https:\/\/www.clvgroup.com\/fr\/wp-json\/wp\/v2\/users\/10"}],"replies":[{"embeddable":true,"href":"https:\/\/www.clvgroup.com\/fr\/wp-json\/wp\/v2\/comments?post=20280"}],"version-history":[{"count":3,"href":"https:\/\/www.clvgroup.com\/fr\/wp-json\/wp\/v2\/posts\/20280\/revisions"}],"predecessor-version":[{"id":24742,"href":"https:\/\/www.clvgroup.com\/fr\/wp-json\/wp\/v2\/posts\/20280\/revisions\/24742"}],"wp:featuredmedia":[{"embeddable":true,"href":"https:\/\/www.clvgroup.com\/fr\/wp-json\/wp\/v2\/media\/20281"}],"wp:attachment":[{"href":"https:\/\/www.clvgroup.com\/fr\/wp-json\/wp\/v2\/media?parent=20280"}],"wp:term":[{"taxonomy":"category","embeddable":true,"href":"https:\/\/www.clvgroup.com\/fr\/wp-json\/wp\/v2\/categories?post=20280"},{"taxonomy":"post_tag","embeddable":true,"href":"https:\/\/www.clvgroup.com\/fr\/wp-json\/wp\/v2\/tags?post=20280"}],"curies":[{"name":"wp","href":"https:\/\/api.w.org\/{rel}","templated":true}]}}