{"id":20303,"date":"2023-03-09T17:22:16","date_gmt":"2023-03-09T21:22:16","guid":{"rendered":"https:\/\/www.clvgroup.com\/comment-decorer-un-appartement-sans-abimer-les-murs\/"},"modified":"2026-01-13T12:36:30","modified_gmt":"2026-01-13T16:36:30","slug":"comment-decorer-un-appartement-sans-abimer-les-murs","status":"publish","type":"post","link":"https:\/\/www.clvgroup.com\/fr\/articles\/comment-decorer-un-appartement-sans-abimer-les-murs\/","title":{"rendered":"Comment d\u00e9corer un appartement sans ab\u00eemer les murs ?"},"content":{"rendered":"\n<p>Il n&rsquo;y a rien de tel que de d\u00e9corer votre appartement pour y apporter des touches de votre style personnel. Cependant, en tant que locataire, il est essentiel de faire attention aux murs et d&rsquo;\u00e9viter de les endommager. Heureusement, il existe de nombreuses fa\u00e7ons d&#8217;embellir votre espace sans percer de trous ni utiliser de clous. Examinons ensemble quelques-unes de ces id\u00e9es :<\/p>\n\n<h2 class=\"wp-block-heading\">Pourquoi faut-il faire attention aux murs des appartements ?<\/h2>\n\n<p>En tant que locataire, vous \u00eates responsable de l&rsquo;entretien de votre appartement, comme indiqu\u00e9 dans votre contrat de location. Il s&rsquo;agit g\u00e9n\u00e9ralement de laisser l&rsquo;appartement dans le m\u00eame \u00e9tat que lorsque vous y avez emm\u00e9nag\u00e9.<\/p>\n\n<p>Si vous endommagez les murs, vous risquez de perdre votre d\u00e9p\u00f4t de garantie. M\u00eame des dommages mineurs, comme des trous de clous ou des rayures, peuvent entra\u00eener des frais suppl\u00e9mentaires. Dans les cas les plus graves, le propri\u00e9taire peut intenter une action en justice pour r\u00e9cup\u00e9rer certains frais.  <\/p>\n\n<h2 class=\"wp-block-heading\">Comment d\u00e9corer sans ab\u00eemer les murs de l&rsquo;appartement ?<\/h2>\n\n<p>Heureusement, il existe de nombreuses fa\u00e7ons d&#8217;embellir votre logement sans endommager les murs. Voici quelques-uns de nos favoris :<\/p>\n\n<h3 class=\"wp-block-heading\">Utilisez des bandes adh\u00e9sives amovibles ou des crochets<\/h3>\n\n<p>Ces bandes ou crochets sont un excellent moyen d&rsquo;accrocher des tableaux, des cadres et d&rsquo;autres \u00e9l\u00e9ments de d\u00e9coration murale sans endommager les murs avec des clous ou des vis. Ces produits sont con\u00e7us pour maintenir les objets en place en toute s\u00e9curit\u00e9, mais ils peuvent \u00eatre facilement retir\u00e9s sans laisser de r\u00e9sidus ni d\u00e9coller la peinture. Les diff\u00e9rents types de bandes adh\u00e9sives et de crochets disponibles sur le march\u00e9 peuvent supporter des poids diff\u00e9rents ; veillez donc \u00e0 choisir ceux qui conviennent \u00e0 vos besoins.<\/p>\n\n<h3 class=\"wp-block-heading\">Appuyer l&rsquo;art et les miroirs contre le mur<\/h3>\n\n<p>C&rsquo;est un excellent moyen d&rsquo;ajouter un attrait visuel \u00e0 votre appartement sans avoir \u00e0 accrocher quoi que ce soit et \u00e0 percer les murs. Cette option est id\u00e9ale pour les pi\u00e8ces de grande taille qui pourraient \u00eatre difficiles \u00e0 mettre en place ou pour ceux qui pr\u00e9f\u00e8rent un look plus d\u00e9contract\u00e9. N&rsquo;oubliez pas de fixer le bas de l&rsquo;objet d&rsquo;art ou du miroir contre le mur, afin qu&rsquo;il ne tombe pas accidentellement et ne se brise pas.<\/p>\n\n<h3 class=\"wp-block-heading\">Utilisez des meubles autoportants<\/h3>\n\n<p>Les meubles ind\u00e9pendants, tels que les biblioth\u00e8ques, les s\u00e9parateurs de pi\u00e8ces ou les \u00e9crans, peuvent \u00e9galement ajouter de la personnalit\u00e9 et du style \u00e0 un appartement sans causer de dommages. Comme ces articles sont autonomes, ils peuvent \u00eatre plac\u00e9s contre les murs sans qu&rsquo;il soit n\u00e9cessaire de les percer ou de les fixer. Vous pouvez \u00e9galement les d\u00e9placer facilement lorsque vous souhaitez modifier votre pr\u00e9sentation. Le plus beau ? Vous n&rsquo;avez pas besoin de pl\u00e2trer ou de peindre \u00e0 chaque fois que vous le faites !<\/p>\n\n<h3 class=\"wp-block-heading\">Cr\u00e9ez un mur-galerie avec du ruban adh\u00e9sif Washi<\/h3>\n\n<p>Si vous souhaitez consacrer un mur \u00e0 une exposition compl\u00e8te de photos ou d&rsquo;\u0153uvres d&rsquo;art, le washi tape est une excellente option. Ce ruban de masquage d\u00e9coratif est fabriqu\u00e9 \u00e0 partir de fibres naturelles et est couramment utilis\u00e9 dans les projets de bricolage. Pour cr\u00e9er votre galerie, choisissez les photos ou les \u0153uvres d&rsquo;art que vous souhaitez afficher. Utilisez le ruban adh\u00e9sif washi pour cr\u00e9er des cadres autour de chaque pi\u00e8ce dans la forme souhait\u00e9e. Une fois que vous avez termin\u00e9 vos cadres, collez-les au mur dans la disposition qui vous convient le mieux.<\/p>\n\n<h2 class=\"wp-block-heading\">Vous voulez tester ces id\u00e9es ?<\/h2>\n\n<p>Si vous \u00eates \u00e0 la recherche d&rsquo;un appartement et que vous souhaitez essayer certaines de ces id\u00e9es de d\u00e9coration, consultez nos <a href=\"https:\/\/www.clvgroup.com\/fr\/\">offres d&rsquo;appartements<\/a> au Groupe CLV ! Nous avons des options pour tous vos besoins uniques en Ontario, au Qu\u00e9bec et en Colombie-Britannique.<\/p>\n","protected":false},"excerpt":{"rendered":"<p>Il n&rsquo;y a rien de tel que de d\u00e9corer votre appartement pour y apporter des touches de votre style personnel. Cependant, en tant que locataire, il est essentiel de faire attention aux murs et d&rsquo;\u00e9viter de les endommager. Heureusement, il existe de nombreuses fa\u00e7ons d&#8217;embellir votre espace sans percer de trous ni utiliser de clous. [&hellip;]<\/p>\n","protected":false},"author":10,"featured_media":20305,"comment_status":"closed","ping_status":"closed","sticky":false,"template":"","format":"standard","meta":{"_acf_changed":false,"inline_featured_image":false,"footnotes":""},"categories":[216],"tags":[],"class_list":["post-20303","post","type-post","status-publish","format-standard","has-post-thumbnail","hentry","category-mode-de-vie"],"acf":[],"yoast_head":"<!-- This site is optimized with the Yoast SEO plugin v27.5 - https:\/\/yoast.com\/product\/yoast-seo-wordpress\/ -->\n<title>Comment d\u00e9corer un appartement sans ab\u00eemer les murs ? - CLV Group<\/title>\n<meta name=\"description\" content=\"Apprenez des astuces de d\u00e9coration adapt\u00e9es aux locataires pour personnaliser votre appartement sans ab\u00eemer les murs ni risquer votre caution.\" \/>\n<meta name=\"robots\" content=\"index, follow, max-snippet:-1, max-image-preview:large, max-video-preview:-1\" \/>\n<link rel=\"canonical\" href=\"https:\/\/www.clvgroup.com\/fr\/articles\/comment-decorer-un-appartement-sans-abimer-les-murs\/\" \/>\n<meta property=\"og:locale\" content=\"fr_FR\" \/>\n<meta property=\"og:type\" content=\"article\" \/>\n<meta property=\"og:title\" content=\"Comment d\u00e9corer un appartement sans ab\u00eemer les murs ? - CLV Group\" \/>\n<meta property=\"og:description\" content=\"Apprenez des astuces de d\u00e9coration adapt\u00e9es aux locataires pour personnaliser votre appartement sans ab\u00eemer les murs ni risquer votre caution.\" \/>\n<meta property=\"og:url\" content=\"https:\/\/www.clvgroup.com\/fr\/articles\/comment-decorer-un-appartement-sans-abimer-les-murs\/\" \/>\n<meta property=\"og:site_name\" content=\"CLV Group\" \/>\n<meta property=\"article:published_time\" content=\"2023-03-09T21:22:16+00:00\" \/>\n<meta property=\"article:modified_time\" content=\"2026-01-13T16:36:30+00:00\" \/>\n<meta property=\"og:image\" content=\"https:\/\/www.clvgroup.com\/wp-content\/uploads\/1704384601_shutterstock_1938550546-1000x500-1.jpg\" \/>\n\t<meta property=\"og:image:width\" content=\"1000\" \/>\n\t<meta property=\"og:image:height\" content=\"500\" \/>\n\t<meta property=\"og:image:type\" content=\"image\/jpeg\" \/>\n<meta name=\"author\" content=\"admin\" \/>\n<meta name=\"twitter:card\" content=\"summary_large_image\" \/>\n<meta name=\"twitter:label1\" content=\"\u00c9crit par\" \/>\n\t<meta name=\"twitter:data1\" content=\"admin\" \/>\n\t<meta name=\"twitter:label2\" content=\"Dur\u00e9e de lecture estim\u00e9e\" \/>\n\t<meta name=\"twitter:data2\" content=\"3 minutes\" \/>\n<script type=\"application\/ld+json\" class=\"yoast-schema-graph\">{\"@context\":\"https:\\\/\\\/schema.org\",\"@graph\":[{\"@type\":\"Article\",\"@id\":\"https:\\\/\\\/www.clvgroup.com\\\/fr\\\/articles\\\/comment-decorer-un-appartement-sans-abimer-les-murs\\\/#article\",\"isPartOf\":{\"@id\":\"https:\\\/\\\/www.clvgroup.com\\\/fr\\\/articles\\\/comment-decorer-un-appartement-sans-abimer-les-murs\\\/\"},\"author\":{\"name\":\"admin\",\"@id\":\"https:\\\/\\\/www.clvgroup.com\\\/fr\\\/#\\\/schema\\\/person\\\/7ea7e11d0a2583664b887a0cfb611097\"},\"headline\":\"Comment d\u00e9corer un appartement sans ab\u00eemer les murs ?\",\"datePublished\":\"2023-03-09T21:22:16+00:00\",\"dateModified\":\"2026-01-13T16:36:30+00:00\",\"mainEntityOfPage\":{\"@id\":\"https:\\\/\\\/www.clvgroup.com\\\/fr\\\/articles\\\/comment-decorer-un-appartement-sans-abimer-les-murs\\\/\"},\"wordCount\":671,\"image\":{\"@id\":\"https:\\\/\\\/www.clvgroup.com\\\/fr\\\/articles\\\/comment-decorer-un-appartement-sans-abimer-les-murs\\\/#primaryimage\"},\"thumbnailUrl\":\"https:\\\/\\\/www.clvgroup.com\\\/wp-content\\\/uploads\\\/1704384601_shutterstock_1938550546-1000x500-1.jpg\",\"articleSection\":[\"Mode de vie\"],\"inLanguage\":\"fr-FR\"},{\"@type\":\"WebPage\",\"@id\":\"https:\\\/\\\/www.clvgroup.com\\\/fr\\\/articles\\\/comment-decorer-un-appartement-sans-abimer-les-murs\\\/\",\"url\":\"https:\\\/\\\/www.clvgroup.com\\\/fr\\\/articles\\\/comment-decorer-un-appartement-sans-abimer-les-murs\\\/\",\"name\":\"Comment d\u00e9corer un appartement sans ab\u00eemer les murs ? - CLV Group\",\"isPartOf\":{\"@id\":\"https:\\\/\\\/www.clvgroup.com\\\/fr\\\/#website\"},\"primaryImageOfPage\":{\"@id\":\"https:\\\/\\\/www.clvgroup.com\\\/fr\\\/articles\\\/comment-decorer-un-appartement-sans-abimer-les-murs\\\/#primaryimage\"},\"image\":{\"@id\":\"https:\\\/\\\/www.clvgroup.com\\\/fr\\\/articles\\\/comment-decorer-un-appartement-sans-abimer-les-murs\\\/#primaryimage\"},\"thumbnailUrl\":\"https:\\\/\\\/www.clvgroup.com\\\/wp-content\\\/uploads\\\/1704384601_shutterstock_1938550546-1000x500-1.jpg\",\"datePublished\":\"2023-03-09T21:22:16+00:00\",\"dateModified\":\"2026-01-13T16:36:30+00:00\",\"author\":{\"@id\":\"https:\\\/\\\/www.clvgroup.com\\\/fr\\\/#\\\/schema\\\/person\\\/7ea7e11d0a2583664b887a0cfb611097\"},\"description\":\"Apprenez des astuces de d\u00e9coration adapt\u00e9es aux locataires pour personnaliser votre appartement sans ab\u00eemer les murs ni risquer votre caution.\",\"breadcrumb\":{\"@id\":\"https:\\\/\\\/www.clvgroup.com\\\/fr\\\/articles\\\/comment-decorer-un-appartement-sans-abimer-les-murs\\\/#breadcrumb\"},\"inLanguage\":\"fr-FR\",\"potentialAction\":[{\"@type\":\"ReadAction\",\"target\":[\"https:\\\/\\\/www.clvgroup.com\\\/fr\\\/articles\\\/comment-decorer-un-appartement-sans-abimer-les-murs\\\/\"]}]},{\"@type\":\"ImageObject\",\"inLanguage\":\"fr-FR\",\"@id\":\"https:\\\/\\\/www.clvgroup.com\\\/fr\\\/articles\\\/comment-decorer-un-appartement-sans-abimer-les-murs\\\/#primaryimage\",\"url\":\"https:\\\/\\\/www.clvgroup.com\\\/wp-content\\\/uploads\\\/1704384601_shutterstock_1938550546-1000x500-1.jpg\",\"contentUrl\":\"https:\\\/\\\/www.clvgroup.com\\\/wp-content\\\/uploads\\\/1704384601_shutterstock_1938550546-1000x500-1.jpg\",\"width\":1000,\"height\":500},{\"@type\":\"BreadcrumbList\",\"@id\":\"https:\\\/\\\/www.clvgroup.com\\\/fr\\\/articles\\\/comment-decorer-un-appartement-sans-abimer-les-murs\\\/#breadcrumb\",\"itemListElement\":[{\"@type\":\"ListItem\",\"position\":1,\"name\":\"Home\",\"item\":\"https:\\\/\\\/www.clvgroup.com\\\/fr\\\/\"},{\"@type\":\"ListItem\",\"position\":2,\"name\":\"Comment d\u00e9corer un appartement sans ab\u00eemer les murs ?\"}]},{\"@type\":\"WebSite\",\"@id\":\"https:\\\/\\\/www.clvgroup.com\\\/fr\\\/#website\",\"url\":\"https:\\\/\\\/www.clvgroup.com\\\/fr\\\/\",\"name\":\"CLV Group\",\"description\":\"\",\"potentialAction\":[{\"@type\":\"SearchAction\",\"target\":{\"@type\":\"EntryPoint\",\"urlTemplate\":\"https:\\\/\\\/www.clvgroup.com\\\/fr\\\/?s={search_term_string}\"},\"query-input\":{\"@type\":\"PropertyValueSpecification\",\"valueRequired\":true,\"valueName\":\"search_term_string\"}}],\"inLanguage\":\"fr-FR\"},{\"@type\":\"Person\",\"@id\":\"https:\\\/\\\/www.clvgroup.com\\\/fr\\\/#\\\/schema\\\/person\\\/7ea7e11d0a2583664b887a0cfb611097\",\"name\":\"admin\",\"sameAs\":[\"https:\\\/\\\/www.clvgroup.com\"]}]}<\/script>\n<!-- \/ Yoast SEO plugin. -->","yoast_head_json":{"title":"Comment d\u00e9corer un appartement sans ab\u00eemer les murs ? - CLV Group","description":"Apprenez des astuces de d\u00e9coration adapt\u00e9es aux locataires pour personnaliser votre appartement sans ab\u00eemer les murs ni risquer votre caution.","robots":{"index":"index","follow":"follow","max-snippet":"max-snippet:-1","max-image-preview":"max-image-preview:large","max-video-preview":"max-video-preview:-1"},"canonical":"https:\/\/www.clvgroup.com\/fr\/articles\/comment-decorer-un-appartement-sans-abimer-les-murs\/","og_locale":"fr_FR","og_type":"article","og_title":"Comment d\u00e9corer un appartement sans ab\u00eemer les murs ? - CLV Group","og_description":"Apprenez des astuces de d\u00e9coration adapt\u00e9es aux locataires pour personnaliser votre appartement sans ab\u00eemer les murs ni risquer votre caution.","og_url":"https:\/\/www.clvgroup.com\/fr\/articles\/comment-decorer-un-appartement-sans-abimer-les-murs\/","og_site_name":"CLV Group","article_published_time":"2023-03-09T21:22:16+00:00","article_modified_time":"2026-01-13T16:36:30+00:00","og_image":[{"width":1000,"height":500,"url":"https:\/\/www.clvgroup.com\/wp-content\/uploads\/1704384601_shutterstock_1938550546-1000x500-1.jpg","type":"image\/jpeg"}],"author":"admin","twitter_card":"summary_large_image","twitter_misc":{"\u00c9crit par":"admin","Dur\u00e9e de lecture estim\u00e9e":"3 minutes"},"schema":{"@context":"https:\/\/schema.org","@graph":[{"@type":"Article","@id":"https:\/\/www.clvgroup.com\/fr\/articles\/comment-decorer-un-appartement-sans-abimer-les-murs\/#article","isPartOf":{"@id":"https:\/\/www.clvgroup.com\/fr\/articles\/comment-decorer-un-appartement-sans-abimer-les-murs\/"},"author":{"name":"admin","@id":"https:\/\/www.clvgroup.com\/fr\/#\/schema\/person\/7ea7e11d0a2583664b887a0cfb611097"},"headline":"Comment d\u00e9corer un appartement sans ab\u00eemer les murs ?","datePublished":"2023-03-09T21:22:16+00:00","dateModified":"2026-01-13T16:36:30+00:00","mainEntityOfPage":{"@id":"https:\/\/www.clvgroup.com\/fr\/articles\/comment-decorer-un-appartement-sans-abimer-les-murs\/"},"wordCount":671,"image":{"@id":"https:\/\/www.clvgroup.com\/fr\/articles\/comment-decorer-un-appartement-sans-abimer-les-murs\/#primaryimage"},"thumbnailUrl":"https:\/\/www.clvgroup.com\/wp-content\/uploads\/1704384601_shutterstock_1938550546-1000x500-1.jpg","articleSection":["Mode de vie"],"inLanguage":"fr-FR"},{"@type":"WebPage","@id":"https:\/\/www.clvgroup.com\/fr\/articles\/comment-decorer-un-appartement-sans-abimer-les-murs\/","url":"https:\/\/www.clvgroup.com\/fr\/articles\/comment-decorer-un-appartement-sans-abimer-les-murs\/","name":"Comment d\u00e9corer un appartement sans ab\u00eemer les murs ? - CLV Group","isPartOf":{"@id":"https:\/\/www.clvgroup.com\/fr\/#website"},"primaryImageOfPage":{"@id":"https:\/\/www.clvgroup.com\/fr\/articles\/comment-decorer-un-appartement-sans-abimer-les-murs\/#primaryimage"},"image":{"@id":"https:\/\/www.clvgroup.com\/fr\/articles\/comment-decorer-un-appartement-sans-abimer-les-murs\/#primaryimage"},"thumbnailUrl":"https:\/\/www.clvgroup.com\/wp-content\/uploads\/1704384601_shutterstock_1938550546-1000x500-1.jpg","datePublished":"2023-03-09T21:22:16+00:00","dateModified":"2026-01-13T16:36:30+00:00","author":{"@id":"https:\/\/www.clvgroup.com\/fr\/#\/schema\/person\/7ea7e11d0a2583664b887a0cfb611097"},"description":"Apprenez des astuces de d\u00e9coration adapt\u00e9es aux locataires pour personnaliser votre appartement sans ab\u00eemer les murs ni risquer votre caution.","breadcrumb":{"@id":"https:\/\/www.clvgroup.com\/fr\/articles\/comment-decorer-un-appartement-sans-abimer-les-murs\/#breadcrumb"},"inLanguage":"fr-FR","potentialAction":[{"@type":"ReadAction","target":["https:\/\/www.clvgroup.com\/fr\/articles\/comment-decorer-un-appartement-sans-abimer-les-murs\/"]}]},{"@type":"ImageObject","inLanguage":"fr-FR","@id":"https:\/\/www.clvgroup.com\/fr\/articles\/comment-decorer-un-appartement-sans-abimer-les-murs\/#primaryimage","url":"https:\/\/www.clvgroup.com\/wp-content\/uploads\/1704384601_shutterstock_1938550546-1000x500-1.jpg","contentUrl":"https:\/\/www.clvgroup.com\/wp-content\/uploads\/1704384601_shutterstock_1938550546-1000x500-1.jpg","width":1000,"height":500},{"@type":"BreadcrumbList","@id":"https:\/\/www.clvgroup.com\/fr\/articles\/comment-decorer-un-appartement-sans-abimer-les-murs\/#breadcrumb","itemListElement":[{"@type":"ListItem","position":1,"name":"Home","item":"https:\/\/www.clvgroup.com\/fr\/"},{"@type":"ListItem","position":2,"name":"Comment d\u00e9corer un appartement sans ab\u00eemer les murs ?"}]},{"@type":"WebSite","@id":"https:\/\/www.clvgroup.com\/fr\/#website","url":"https:\/\/www.clvgroup.com\/fr\/","name":"CLV Group","description":"","potentialAction":[{"@type":"SearchAction","target":{"@type":"EntryPoint","urlTemplate":"https:\/\/www.clvgroup.com\/fr\/?s={search_term_string}"},"query-input":{"@type":"PropertyValueSpecification","valueRequired":true,"valueName":"search_term_string"}}],"inLanguage":"fr-FR"},{"@type":"Person","@id":"https:\/\/www.clvgroup.com\/fr\/#\/schema\/person\/7ea7e11d0a2583664b887a0cfb611097","name":"admin","sameAs":["https:\/\/www.clvgroup.com"]}]}},"_links":{"self":[{"href":"https:\/\/www.clvgroup.com\/fr\/wp-json\/wp\/v2\/posts\/20303","targetHints":{"allow":["GET"]}}],"collection":[{"href":"https:\/\/www.clvgroup.com\/fr\/wp-json\/wp\/v2\/posts"}],"about":[{"href":"https:\/\/www.clvgroup.com\/fr\/wp-json\/wp\/v2\/types\/post"}],"author":[{"embeddable":true,"href":"https:\/\/www.clvgroup.com\/fr\/wp-json\/wp\/v2\/users\/10"}],"replies":[{"embeddable":true,"href":"https:\/\/www.clvgroup.com\/fr\/wp-json\/wp\/v2\/comments?post=20303"}],"version-history":[{"count":5,"href":"https:\/\/www.clvgroup.com\/fr\/wp-json\/wp\/v2\/posts\/20303\/revisions"}],"predecessor-version":[{"id":24752,"href":"https:\/\/www.clvgroup.com\/fr\/wp-json\/wp\/v2\/posts\/20303\/revisions\/24752"}],"wp:featuredmedia":[{"embeddable":true,"href":"https:\/\/www.clvgroup.com\/fr\/wp-json\/wp\/v2\/media\/20305"}],"wp:attachment":[{"href":"https:\/\/www.clvgroup.com\/fr\/wp-json\/wp\/v2\/media?parent=20303"}],"wp:term":[{"taxonomy":"category","embeddable":true,"href":"https:\/\/www.clvgroup.com\/fr\/wp-json\/wp\/v2\/categories?post=20303"},{"taxonomy":"post_tag","embeddable":true,"href":"https:\/\/www.clvgroup.com\/fr\/wp-json\/wp\/v2\/tags?post=20303"}],"curies":[{"name":"wp","href":"https:\/\/api.w.org\/{rel}","templated":true}]}}