{"id":21885,"date":"2025-06-19T09:37:26","date_gmt":"2025-06-19T13:37:26","guid":{"rendered":"https:\/\/www.clvgroup.com\/articles\/pourquoi-les-petites-entreprises-prosperent-elles-dans-les-projets-damenagement-a-usage-mixte\/"},"modified":"2025-06-19T09:38:20","modified_gmt":"2025-06-19T13:38:20","slug":"pourquoi-les-petites-entreprises-prosperent-elles-dans-les-projets-damenagement-a-usage-mixte","status":"publish","type":"post","link":"https:\/\/www.clvgroup.com\/fr\/articles\/pourquoi-les-petites-entreprises-prosperent-elles-dans-les-projets-damenagement-a-usage-mixte\/","title":{"rendered":"Pourquoi les petites entreprises prosp\u00e8rent-elles dans les projets d&rsquo;am\u00e9nagement \u00e0 usage mixte ?"},"content":{"rendered":"\n<p>Les petites entreprises jouent un r\u00f4le essentiel dans notre communaut\u00e9, en offrant des options locales et en contribuant \u00e0 l&rsquo;\u00e9conomie. Avec l&rsquo;essor des projets \u00e0 usage mixte, ces boutiques, salles de sport, restaurants, caf\u00e9s et autres ont plus d&rsquo;espace pour briller. Les am\u00e9nagements \u00e0 usage mixte cr\u00e9ent un \u00e9cosyst\u00e8me essentiel pour les petites entreprises en combinant des utilisations r\u00e9sidentielles, commerciales et de d\u00e9tail. Les entrepreneurs qui cherchent \u00e0 se d\u00e9velopper dans des environnements accessibles \u00e0 pied et centr\u00e9s sur la communaut\u00e9 sont attir\u00e9s par les lotissements \u00e0 usage mixte, qui deviennent rapidement le choix id\u00e9al pour les petites entreprises.   <br\/><\/p>\n\n<h2 class=\"wp-block-heading\"><strong>Qu&rsquo;est-ce qu&rsquo;un projet \u00e0 usage mixte ?<\/strong><\/h2>\n\n<p>Un <strong>immeuble<\/strong> \u00e0 usage mixte est un <strong>immeuble d&rsquo;habitation qui comprend \u00e9galement un espace commercial<\/strong>, g\u00e9n\u00e9ralement situ\u00e9 au rez-de-chauss\u00e9e. Il peut s&rsquo;agir d&rsquo;une boulangerie, d&rsquo;une animalerie ou d&rsquo;une sup\u00e9rette, entre autres.   <\/p>\n\n<h2 class=\"wp-block-heading\"><strong>L&rsquo;essor des espaces commerciaux \u00e0 usage mixte<\/strong><\/h2>\n\n<p>Des villes comme Ottawa investissent massivement dans ces espaces afin d&rsquo;<a href=\"https:\/\/www.ecologyottawa.ca\/2020-01-22-hold-the-line-a-campaign-to-stop-urban-sprawl-2#:~:text=The%20new%20Official%20Plan%20is,farmland%20%2D%20for%20generations%20to%20come.\">att\u00e9nuer l&rsquo;\u00e9talement urbain<\/a> et d&rsquo;\u00e9tablir des communaut\u00e9s coh\u00e9sives. Les b\u00e2timents \u00e0 usage mixte peuvent facilement regrouper les espaces de vie et les \u00e9quipements, ce qui est b\u00e9n\u00e9fique pour l&rsquo;am\u00e9nagement du territoire car ils contribuent \u00e0 pr\u00e9server les \u00e9cosyst\u00e8mes et les ressources naturelles \u00e0 proximit\u00e9. Ils favorisent \u00e9galement les d\u00e9placements \u00e0 pied et les transports en commun en offrant une gamme de services \u00e0 proximit\u00e9.  <\/p>\n\n<h3 class=\"wp-block-heading\"><strong>Le mod\u00e8le de la rue principale<\/strong><\/h3>\n\n<p>Ces b\u00e2timents mettent en \u00e9vidence un mod\u00e8le de \u00ab <strong>rue principale<\/strong> \u00bb, o\u00f9 l&rsquo;implantation de b\u00e2timents de ce type dans une rue ou un lieu d\u00e9j\u00e0 populaire ajoute une valeur suppl\u00e9mentaire \u00e0 cet endroit. Les gens peuvent passer plus de temps \u00e0 profiter des plaisirs simples de la vie, comme manger avec des amis ou promener leur animal de compagnie, plut\u00f4t que de conduire dans les embouteillages ou de chercher un parking, ce qui am\u00e9liore \u00e0 la fois leur qualit\u00e9 de vie et la durabilit\u00e9. <\/p>\n\n<h2 class=\"wp-block-heading\"><strong>Visibilit\u00e9 int\u00e9gr\u00e9e et trafic pi\u00e9tonnier<\/strong><\/h2>\n\n<p>Les petites entreprises peuvent b\u00e9n\u00e9ficier d&rsquo;espaces commerciaux \u00e0 usage mixte non seulement parce qu&rsquo;elles sont situ\u00e9es \u00e0 proximit\u00e9 de r\u00e9sidences, mais aussi parce qu&rsquo;elles peuvent avoir un <strong>flux r\u00e9gulier de clients<\/strong>.  <\/p>\n\n<p>La fr\u00e9quentation constante de ces locataires r\u00e9sidentiels accro\u00eet la visibilit\u00e9 de la marque sans n\u00e9cessiter un budget marketing important. En raison de la proximit\u00e9 de l&rsquo;entreprise avec le domicile du locataire, il est plus probable que ce dernier s&rsquo;y rende au moins une fois. S&rsquo;ils appr\u00e9cient le service ou les produits, ils sont susceptibles de les recommander \u00e0 leurs amis ou \u00e0 leur famille. Le bouche-\u00e0-oreille et l&rsquo;engagement local sont facilit\u00e9s par l&rsquo;existence d&rsquo;une base de clients.   <\/p>\n\n<p>Les conversions de bureaux en immeubles r\u00e9sidentiels du Groupe CLV, comme le <a href=\"https:\/\/www.clvgroup.com\/fr\/portfolio\/360-laurier-ave\/\">360 Laurier<\/a>, permettent d&rsquo;\u00e9quilibrer le logement pour les locataires et le d\u00e9veloppement \u00e9conomique pour les petites entreprises. Au b\u00e9n\u00e9fice des consommateurs et des propri\u00e9taires d&rsquo;entreprises, plus de longs trajets pour aller manger ou acheter des produits de premi\u00e8re n\u00e9cessit\u00e9, plus de vitrines isol\u00e9es et de difficult\u00e9s \u00e0 percer sur le march\u00e9. <\/p>\n\n<h2 class=\"wp-block-heading\"><strong>Une infrastructure ax\u00e9e sur la collectivit\u00e9<\/strong><\/h2>\n\n<p>Outre les avantages qu&rsquo;ils procurent aux petites entreprises, les projets d&rsquo;am\u00e9nagement \u00e0 usage mixte peuvent \u00e9galement offrir diverses commodit\u00e9s aux r\u00e9sidents :<\/p>\n\n<ul class=\"wp-block-list\">\n<li>Gymnases<\/li>\n\n\n\n<li>Piscines<\/li>\n\n\n\n<li>Terrasses sur les toits<\/li>\n\n\n\n<li>Stations de lavage pour animaux de compagnie<\/li>\n\n\n\n<li>Espaces de co-working<\/li>\n<\/ul>\n\n<p>Les chefs d&rsquo;entreprise ont tout \u00e0 gagner \u00e0 faire partie d&rsquo;une communaut\u00e9 o\u00f9 les \u00e9v\u00e9nements, les services et les espaces partag\u00e9s favorisent la collaboration.<\/p>\n\n<h2 class=\"wp-block-heading\"><strong>Une rampe de lancement pour la croissance locale<\/strong><\/h2>\n\n<p>Les propri\u00e9t\u00e9s commerciales \u00e0 usage mixte sont plus que des biens immobiliers ; elles offrent des espaces \u00e9volutifs, parfaits pour les petites entreprises qui d\u00e9marrent mais qui pr\u00e9voient prendre de l&rsquo;expansion. Gr\u00e2ce \u00e0 des options de location souples et \u00e0 une gestion immobili\u00e8re sur place qui simplifie les op\u00e9rations initiales, les petites entreprises peuvent \u00e9tablir une base solide dans les communaut\u00e9s les plus connect\u00e9es et les plus solidaires d&rsquo;Ottawa. Les locataires commerciaux locaux subissent moins de pression de la part des cha\u00eenes nationales, ce qui leur permet de poursuivre leurs r\u00eaves entrepreneuriaux, faisant des d\u00e9veloppements \u00e0 usage mixte la meilleure voie \u00e0 suivre.  <\/p>\n\n<p><strong>Consultez nos appartements disponibles <\/strong><a href=\"https:\/\/www.clvgroup.com\/fr\/appartements-a-louer\/ottawa-fr\/\"><strong>Groupe CLV disponibles aujourd&rsquo;hui<\/strong><\/a><strong> et trouvez la communaut\u00e9 de vos r\u00eaves.<\/strong><\/p>\n","protected":false},"excerpt":{"rendered":"<p>Les petites entreprises jouent un r\u00f4le essentiel dans notre communaut\u00e9, en offrant des options locales et en contribuant \u00e0 l&rsquo;\u00e9conomie. Avec l&rsquo;essor des projets \u00e0 usage mixte, ces boutiques, salles de sport, restaurants, caf\u00e9s et autres ont plus d&rsquo;espace pour briller. Les am\u00e9nagements \u00e0 usage mixte cr\u00e9ent un \u00e9cosyst\u00e8me essentiel pour les petites entreprises en [&hellip;]<\/p>\n","protected":false},"author":6,"featured_media":20866,"comment_status":"closed","ping_status":"closed","sticky":false,"template":"","format":"standard","meta":{"_acf_changed":false,"inline_featured_image":false,"footnotes":""},"categories":[220,215,219],"tags":[],"class_list":["post-21885","post","type-post","status-publish","format-standard","has-post-thumbnail","hentry","category-developpement","category-gestion-immobiliere","category-immobilier"],"acf":[],"yoast_head":"<!-- This site is optimized with the Yoast SEO plugin v25.4 - https:\/\/yoast.com\/wordpress\/plugins\/seo\/ -->\n<title>Pourquoi les petites entreprises prosp\u00e8rent-elles dans les projets d&#039;am\u00e9nagement \u00e0 usage mixte ? - CLV Group<\/title>\n<meta name=\"description\" content=\"Les petites entreprises prosp\u00e8rent dans les immeubles commerciaux \u00e0 usage mixte - voici comment ces am\u00e9nagements favorisent la visibilit\u00e9, le passage et la communaut\u00e9.\" \/>\n<meta name=\"robots\" content=\"index, follow, max-snippet:-1, max-image-preview:large, max-video-preview:-1\" \/>\n<link rel=\"canonical\" href=\"https:\/\/www.clvgroup.com\/fr\/articles\/pourquoi-les-petites-entreprises-prosperent-elles-dans-les-projets-damenagement-a-usage-mixte\/\" \/>\n<meta property=\"og:locale\" content=\"fr_FR\" \/>\n<meta property=\"og:type\" content=\"article\" \/>\n<meta property=\"og:title\" content=\"Pourquoi les petites entreprises prosp\u00e8rent-elles dans les projets d&#039;am\u00e9nagement \u00e0 usage mixte ? - CLV Group\" \/>\n<meta property=\"og:description\" content=\"Les petites entreprises prosp\u00e8rent dans les immeubles commerciaux \u00e0 usage mixte - voici comment ces am\u00e9nagements favorisent la visibilit\u00e9, le passage et la communaut\u00e9.\" \/>\n<meta property=\"og:url\" content=\"https:\/\/www.clvgroup.com\/fr\/articles\/pourquoi-les-petites-entreprises-prosperent-elles-dans-les-projets-damenagement-a-usage-mixte\/\" \/>\n<meta property=\"og:site_name\" content=\"CLV Group\" \/>\n<meta property=\"article:published_time\" content=\"2025-06-19T13:37:26+00:00\" \/>\n<meta property=\"article:modified_time\" content=\"2025-06-19T13:38:20+00:00\" \/>\n<meta property=\"og:image\" content=\"https:\/\/www.clvgroup.com\/wp-content\/uploads\/2021-06-07-GGLO-Professional-Renders_3.jpg\" \/>\n\t<meta property=\"og:image:width\" content=\"1836\" \/>\n\t<meta property=\"og:image:height\" content=\"1080\" \/>\n\t<meta property=\"og:image:type\" content=\"image\/jpeg\" \/>\n<meta name=\"author\" content=\"Erin McEvoy\" \/>\n<meta name=\"twitter:card\" content=\"summary_large_image\" \/>\n<meta name=\"twitter:label1\" content=\"\u00c9crit par\" \/>\n\t<meta name=\"twitter:data1\" content=\"Erin McEvoy\" \/>\n\t<meta name=\"twitter:label2\" content=\"Dur\u00e9e de lecture estim\u00e9e\" \/>\n\t<meta name=\"twitter:data2\" content=\"4 minutes\" \/>\n<script type=\"application\/ld+json\" class=\"yoast-schema-graph\">{\"@context\":\"https:\/\/schema.org\",\"@graph\":[{\"@type\":\"WebPage\",\"@id\":\"https:\/\/www.clvgroup.com\/fr\/articles\/pourquoi-les-petites-entreprises-prosperent-elles-dans-les-projets-damenagement-a-usage-mixte\/\",\"url\":\"https:\/\/www.clvgroup.com\/fr\/articles\/pourquoi-les-petites-entreprises-prosperent-elles-dans-les-projets-damenagement-a-usage-mixte\/\",\"name\":\"Pourquoi les petites entreprises prosp\u00e8rent-elles dans les projets d'am\u00e9nagement \u00e0 usage mixte ? - CLV Group\",\"isPartOf\":{\"@id\":\"https:\/\/www.clvgroup.com\/fr\/#website\"},\"primaryImageOfPage\":{\"@id\":\"https:\/\/www.clvgroup.com\/fr\/articles\/pourquoi-les-petites-entreprises-prosperent-elles-dans-les-projets-damenagement-a-usage-mixte\/#primaryimage\"},\"image\":{\"@id\":\"https:\/\/www.clvgroup.com\/fr\/articles\/pourquoi-les-petites-entreprises-prosperent-elles-dans-les-projets-damenagement-a-usage-mixte\/#primaryimage\"},\"thumbnailUrl\":\"https:\/\/www.clvgroup.com\/wp-content\/uploads\/2021-06-07-GGLO-Professional-Renders_3.jpg\",\"datePublished\":\"2025-06-19T13:37:26+00:00\",\"dateModified\":\"2025-06-19T13:38:20+00:00\",\"author\":{\"@id\":\"https:\/\/www.clvgroup.com\/fr\/#\/schema\/person\/37566da2e50816dae34debadf623b6b7\"},\"description\":\"Les petites entreprises prosp\u00e8rent dans les immeubles commerciaux \u00e0 usage mixte - voici comment ces am\u00e9nagements favorisent la visibilit\u00e9, le passage et la communaut\u00e9.\",\"breadcrumb\":{\"@id\":\"https:\/\/www.clvgroup.com\/fr\/articles\/pourquoi-les-petites-entreprises-prosperent-elles-dans-les-projets-damenagement-a-usage-mixte\/#breadcrumb\"},\"inLanguage\":\"fr-FR\",\"potentialAction\":[{\"@type\":\"ReadAction\",\"target\":[\"https:\/\/www.clvgroup.com\/fr\/articles\/pourquoi-les-petites-entreprises-prosperent-elles-dans-les-projets-damenagement-a-usage-mixte\/\"]}]},{\"@type\":\"ImageObject\",\"inLanguage\":\"fr-FR\",\"@id\":\"https:\/\/www.clvgroup.com\/fr\/articles\/pourquoi-les-petites-entreprises-prosperent-elles-dans-les-projets-damenagement-a-usage-mixte\/#primaryimage\",\"url\":\"https:\/\/www.clvgroup.com\/wp-content\/uploads\/2021-06-07-GGLO-Professional-Renders_3.jpg\",\"contentUrl\":\"https:\/\/www.clvgroup.com\/wp-content\/uploads\/2021-06-07-GGLO-Professional-Renders_3.jpg\",\"width\":1836,\"height\":1080},{\"@type\":\"BreadcrumbList\",\"@id\":\"https:\/\/www.clvgroup.com\/fr\/articles\/pourquoi-les-petites-entreprises-prosperent-elles-dans-les-projets-damenagement-a-usage-mixte\/#breadcrumb\",\"itemListElement\":[{\"@type\":\"ListItem\",\"position\":1,\"name\":\"Home\",\"item\":\"https:\/\/www.clvgroup.com\/fr\/\"},{\"@type\":\"ListItem\",\"position\":2,\"name\":\"Pourquoi les petites entreprises prosp\u00e8rent-elles dans les projets d&#8217;am\u00e9nagement \u00e0 usage mixte ?\"}]},{\"@type\":\"WebSite\",\"@id\":\"https:\/\/www.clvgroup.com\/fr\/#website\",\"url\":\"https:\/\/www.clvgroup.com\/fr\/\",\"name\":\"CLV Group\",\"description\":\"\",\"potentialAction\":[{\"@type\":\"SearchAction\",\"target\":{\"@type\":\"EntryPoint\",\"urlTemplate\":\"https:\/\/www.clvgroup.com\/fr\/?s={search_term_string}\"},\"query-input\":{\"@type\":\"PropertyValueSpecification\",\"valueRequired\":true,\"valueName\":\"search_term_string\"}}],\"inLanguage\":\"fr-FR\"},{\"@type\":\"Person\",\"@id\":\"https:\/\/www.clvgroup.com\/fr\/#\/schema\/person\/37566da2e50816dae34debadf623b6b7\",\"name\":\"Erin McEvoy\"}]}<\/script>\n<!-- \/ Yoast SEO plugin. -->","yoast_head_json":{"title":"Pourquoi les petites entreprises prosp\u00e8rent-elles dans les projets d'am\u00e9nagement \u00e0 usage mixte ? - CLV Group","description":"Les petites entreprises prosp\u00e8rent dans les immeubles commerciaux \u00e0 usage mixte - voici comment ces am\u00e9nagements favorisent la visibilit\u00e9, le passage et la communaut\u00e9.","robots":{"index":"index","follow":"follow","max-snippet":"max-snippet:-1","max-image-preview":"max-image-preview:large","max-video-preview":"max-video-preview:-1"},"canonical":"https:\/\/www.clvgroup.com\/fr\/articles\/pourquoi-les-petites-entreprises-prosperent-elles-dans-les-projets-damenagement-a-usage-mixte\/","og_locale":"fr_FR","og_type":"article","og_title":"Pourquoi les petites entreprises prosp\u00e8rent-elles dans les projets d'am\u00e9nagement \u00e0 usage mixte ? - CLV Group","og_description":"Les petites entreprises prosp\u00e8rent dans les immeubles commerciaux \u00e0 usage mixte - voici comment ces am\u00e9nagements favorisent la visibilit\u00e9, le passage et la communaut\u00e9.","og_url":"https:\/\/www.clvgroup.com\/fr\/articles\/pourquoi-les-petites-entreprises-prosperent-elles-dans-les-projets-damenagement-a-usage-mixte\/","og_site_name":"CLV Group","article_published_time":"2025-06-19T13:37:26+00:00","article_modified_time":"2025-06-19T13:38:20+00:00","og_image":[{"width":1836,"height":1080,"url":"https:\/\/www.clvgroup.com\/wp-content\/uploads\/2021-06-07-GGLO-Professional-Renders_3.jpg","type":"image\/jpeg"}],"author":"Erin McEvoy","twitter_card":"summary_large_image","twitter_misc":{"\u00c9crit par":"Erin McEvoy","Dur\u00e9e de lecture estim\u00e9e":"4 minutes"},"schema":{"@context":"https:\/\/schema.org","@graph":[{"@type":"WebPage","@id":"https:\/\/www.clvgroup.com\/fr\/articles\/pourquoi-les-petites-entreprises-prosperent-elles-dans-les-projets-damenagement-a-usage-mixte\/","url":"https:\/\/www.clvgroup.com\/fr\/articles\/pourquoi-les-petites-entreprises-prosperent-elles-dans-les-projets-damenagement-a-usage-mixte\/","name":"Pourquoi les petites entreprises prosp\u00e8rent-elles dans les projets d'am\u00e9nagement \u00e0 usage mixte ? - CLV Group","isPartOf":{"@id":"https:\/\/www.clvgroup.com\/fr\/#website"},"primaryImageOfPage":{"@id":"https:\/\/www.clvgroup.com\/fr\/articles\/pourquoi-les-petites-entreprises-prosperent-elles-dans-les-projets-damenagement-a-usage-mixte\/#primaryimage"},"image":{"@id":"https:\/\/www.clvgroup.com\/fr\/articles\/pourquoi-les-petites-entreprises-prosperent-elles-dans-les-projets-damenagement-a-usage-mixte\/#primaryimage"},"thumbnailUrl":"https:\/\/www.clvgroup.com\/wp-content\/uploads\/2021-06-07-GGLO-Professional-Renders_3.jpg","datePublished":"2025-06-19T13:37:26+00:00","dateModified":"2025-06-19T13:38:20+00:00","author":{"@id":"https:\/\/www.clvgroup.com\/fr\/#\/schema\/person\/37566da2e50816dae34debadf623b6b7"},"description":"Les petites entreprises prosp\u00e8rent dans les immeubles commerciaux \u00e0 usage mixte - voici comment ces am\u00e9nagements favorisent la visibilit\u00e9, le passage et la communaut\u00e9.","breadcrumb":{"@id":"https:\/\/www.clvgroup.com\/fr\/articles\/pourquoi-les-petites-entreprises-prosperent-elles-dans-les-projets-damenagement-a-usage-mixte\/#breadcrumb"},"inLanguage":"fr-FR","potentialAction":[{"@type":"ReadAction","target":["https:\/\/www.clvgroup.com\/fr\/articles\/pourquoi-les-petites-entreprises-prosperent-elles-dans-les-projets-damenagement-a-usage-mixte\/"]}]},{"@type":"ImageObject","inLanguage":"fr-FR","@id":"https:\/\/www.clvgroup.com\/fr\/articles\/pourquoi-les-petites-entreprises-prosperent-elles-dans-les-projets-damenagement-a-usage-mixte\/#primaryimage","url":"https:\/\/www.clvgroup.com\/wp-content\/uploads\/2021-06-07-GGLO-Professional-Renders_3.jpg","contentUrl":"https:\/\/www.clvgroup.com\/wp-content\/uploads\/2021-06-07-GGLO-Professional-Renders_3.jpg","width":1836,"height":1080},{"@type":"BreadcrumbList","@id":"https:\/\/www.clvgroup.com\/fr\/articles\/pourquoi-les-petites-entreprises-prosperent-elles-dans-les-projets-damenagement-a-usage-mixte\/#breadcrumb","itemListElement":[{"@type":"ListItem","position":1,"name":"Home","item":"https:\/\/www.clvgroup.com\/fr\/"},{"@type":"ListItem","position":2,"name":"Pourquoi les petites entreprises prosp\u00e8rent-elles dans les projets d&#8217;am\u00e9nagement \u00e0 usage mixte ?"}]},{"@type":"WebSite","@id":"https:\/\/www.clvgroup.com\/fr\/#website","url":"https:\/\/www.clvgroup.com\/fr\/","name":"CLV Group","description":"","potentialAction":[{"@type":"SearchAction","target":{"@type":"EntryPoint","urlTemplate":"https:\/\/www.clvgroup.com\/fr\/?s={search_term_string}"},"query-input":{"@type":"PropertyValueSpecification","valueRequired":true,"valueName":"search_term_string"}}],"inLanguage":"fr-FR"},{"@type":"Person","@id":"https:\/\/www.clvgroup.com\/fr\/#\/schema\/person\/37566da2e50816dae34debadf623b6b7","name":"Erin McEvoy"}]}},"_links":{"self":[{"href":"https:\/\/www.clvgroup.com\/fr\/wp-json\/wp\/v2\/posts\/21885","targetHints":{"allow":["GET"]}}],"collection":[{"href":"https:\/\/www.clvgroup.com\/fr\/wp-json\/wp\/v2\/posts"}],"about":[{"href":"https:\/\/www.clvgroup.com\/fr\/wp-json\/wp\/v2\/types\/post"}],"author":[{"embeddable":true,"href":"https:\/\/www.clvgroup.com\/fr\/wp-json\/wp\/v2\/users\/6"}],"replies":[{"embeddable":true,"href":"https:\/\/www.clvgroup.com\/fr\/wp-json\/wp\/v2\/comments?post=21885"}],"version-history":[{"count":1,"href":"https:\/\/www.clvgroup.com\/fr\/wp-json\/wp\/v2\/posts\/21885\/revisions"}],"predecessor-version":[{"id":21887,"href":"https:\/\/www.clvgroup.com\/fr\/wp-json\/wp\/v2\/posts\/21885\/revisions\/21887"}],"wp:featuredmedia":[{"embeddable":true,"href":"https:\/\/www.clvgroup.com\/fr\/wp-json\/wp\/v2\/media\/20866"}],"wp:attachment":[{"href":"https:\/\/www.clvgroup.com\/fr\/wp-json\/wp\/v2\/media?parent=21885"}],"wp:term":[{"taxonomy":"category","embeddable":true,"href":"https:\/\/www.clvgroup.com\/fr\/wp-json\/wp\/v2\/categories?post=21885"},{"taxonomy":"post_tag","embeddable":true,"href":"https:\/\/www.clvgroup.com\/fr\/wp-json\/wp\/v2\/tags?post=21885"}],"curies":[{"name":"wp","href":"https:\/\/api.w.org\/{rel}","templated":true}]}}